{"id":3790,"date":"2026-03-04T14:23:16","date_gmt":"2026-03-04T13:23:16","guid":{"rendered":"https:\/\/nabsolutions.com\/se\/?p=3790"},"modified":"2026-03-11T12:46:26","modified_gmt":"2026-03-11T11:46:26","slug":"sa-jobbar-moderna-foretag-tryggt-flexibelt-och-uppkopplat","status":"publish","type":"post","link":"https:\/\/nabsolutions.com\/se\/produktivitet\/sa-jobbar-moderna-foretag-tryggt-flexibelt-och-uppkopplat\/","title":{"rendered":"S\u00e5 jobbar moderna f\u00f6retag \u2013 tryggt, flexibelt och uppkopplat"},"content":{"rendered":"\r\n<section class=\"nab-news-hero\">\r\n    <div class=\"nab-news-hero-inner\">\r\n        <header class=\"nab-news-hero-header\">\r\n            <p class=\"nab-news-hero-header-date is-ingress\">\r\n                4 mars 2026            <\/p>\r\n\r\n            <h1 class=\"nab-news-hero-header-title is-h2\">\r\n                S\u00e5 jobbar moderna f\u00f6retag \u2013 tryggt, flexibelt och uppkopplat            <\/h1>\r\n\r\n                                                <!-- <a href=\"\" class=\"nab-news-hero-header-button nab-button is-primary is-grey is-chips\">\r\n                                            <\/a> -->\r\n\r\n                    <p class=\"nab-news-hero-header-button-no-button\">\r\n                        Microsoft 365                    <\/p>\r\n                                    <!-- <a href=\"\" class=\"nab-news-hero-header-button nab-button is-primary is-grey is-chips\">\r\n                                            <\/a> -->\r\n\r\n                    <p class=\"nab-news-hero-header-button-no-button\">\r\n                        Produktivitet                    <\/p>\r\n                                    <\/header>\r\n\r\n        <div class=\"nab-news-hero-image\">\r\n            <img decoding=\"async\" \r\n                data-src=\"https:\/\/nabsolutions.com\/se\/wp-content\/uploads\/sites\/2\/2026\/03\/Sa-jobbar-moderna-foretag-\u2013-tryggt-flexibelt-och-uppkopplat.webp\"\r\n                alt=\"\"\r\n                class=\"nab-news-hero-image-figure lazyload\"\r\n             src=\"data:image\/svg+xml;base64,PHN2ZyB3aWR0aD0iMSIgaGVpZ2h0PSIxIiB4bWxucz0iaHR0cDovL3d3dy53My5vcmcvMjAwMC9zdmciPjwvc3ZnPg==\" style=\"--smush-placeholder-width: 1280px; --smush-placeholder-aspect-ratio: 1280\/720;\">\r\n        <\/div>\r\n\r\n        <header class=\"nab-news-hero-excerpt\">\r\n            <p class=\"nab-news-hero-excerpt-text is-ingress\">\r\n                Moderna organisationer anv\u00e4nder Microsoft 365 f\u00f6r att kombinera samarbete, struktur och s\u00e4kerhet \u2013 p\u00e5 kontoret, hemma eller p\u00e5 resande fot. Resultatet \u00e4r ett h\u00e5llbart arbetss\u00e4tt som fungerar i vardagen och \u00f6ver tid.            <\/p>\r\n        <\/header>\r\n\r\n        <div class=\"nab-news-hero-content\">\r\n            <div class=\"nab-news-hero-content-inner\">\r\n                <h4 class=\"nab-news-hero-content-title is-bold is-grey\">\r\n                    Inneh\u00e5ll                <\/h4>\r\n\r\n                <ol class=\"nab-news-hero-content-list\">\r\n                                    <\/ol>\r\n            <\/div>\r\n        <\/div>\r\n\r\n    <\/div>\r\n<\/section>\n\n\r\n\r\n    <section class=\"nab-article has-offset  \" id=\"\">\r\n        <div class=\"nab-article-inner \">\r\n            <p>I den h\u00e4r artikeln beskriver vi hur moderna organisationer anv\u00e4nder Microsoft 365 f\u00f6r att samarbeta b\u00e4ttre, beh\u00e5lla struktur och l\u00e5ta s\u00e4kerheten f\u00f6lja arbetet. Ett arbetss\u00e4tt som fungerar i vardagen \u2013 och h\u00e5ller \u00f6ver tid.<\/p>\n<h3>Vad k\u00e4nnetecknar ett modernt arbetss\u00e4tt?<\/h3>\n<p>Moderna f\u00f6retag skiljer sig inte n\u00f6dv\u00e4ndigtvis genom bransch eller storlek \u2013 utan genom hur de jobbar. De har ett arbetss\u00e4tt som st\u00f6djer:<\/p>\n<ul>\n<li>fokus<\/li>\n<li>samarbete<\/li>\n<li>tydlighet<\/li>\n<li>trygghet<\/li>\n<\/ul>\n<p>Microsoft 365 \u00e4r ofta grunden som g\u00f6r detta m\u00f6jligt.<\/p>\n<h3>Flexibilitet utan att tappa kontroll<\/h3>\n<p>Ett modernt arbetss\u00e4tt g\u00f6r det m\u00f6jligt att arbeta:<\/p>\n<ul>\n<li>p\u00e5 kontoret<\/li>\n<li>hemma<\/li>\n<li>p\u00e5 resande fot<\/li>\n<\/ul>\n<p>Samtidigt finns kontroll \u00f6ver information, beh\u00f6righeter och data. Flexibilitet och s\u00e4kerhet \u00e4r inte motsatser \u2013 de f\u00f6rst\u00e4rker varandra n\u00e4r r\u00e4tt plattform anv\u00e4nds.<\/p>\n        <\/div>\r\n    <\/section>\r\n\n\n\n\n\n    <section class=\"nab-bento  \" id=\"\">\n        <div class=\"nab-bento-inner\">\n                            \n                                    <div class=\"nab-bento-items is-bento-one\">\n                                                    <div class=\"nab-bento-item link-box-wrapper is-bento-one\">\n                                <div class=\"nab-bento-item-inner is-dark-green has-overlay  is-flex-end \">\n                                                                            <img decoding=\"async\"\n                                            class=\"nab-bento-item-image-figure has-overlay lazyload\" \n                                            data-src=\"https:\/\/nabsolutions.com\/se\/wp-content\/uploads\/sites\/2\/2026\/02\/Bento-m365-awareness.webp\" \n                                            alt=\"\"\n                                         src=\"data:image\/svg+xml;base64,PHN2ZyB3aWR0aD0iMSIgaGVpZ2h0PSIxIiB4bWxucz0iaHR0cDovL3d3dy53My5vcmcvMjAwMC9zdmciPjwvc3ZnPg==\" style=\"--smush-placeholder-width: 1920px; --smush-placeholder-aspect-ratio: 1920\/1080;\">\n                                                                        \n                                    \n                                    <header class=\"nab-bento-item-header \">\n                                                                                    <p class=\"nab-bento-item-header-subtitle is-uppercase\">\n                                                Microsoft 365                                            <\/p>\n                                            <h3 class=\"nab-bento-item-header-title  \">\n                                                Microsoft 365 ger dig produktivitetsverktyg som Word, Excel, Teams och Outlook i molnet.                                            <\/h3>\n                                        \n                                                                                    <a \n                                                href=\"https:\/\/nabsolutions.com\/se\/upptack-microsoft-365-modern-work\/ar-m365-ratt-for-oss\/\" \n                                                class=\"nab-bento-item-header-button nab-button is-primary \"\n                                                aria-label=\"Uppt\u00e4ck M365\"\n                                            >\n                                                <span class=\"nab-link-box\"><\/span>\n                                                                                                    <span class=\"nab-bento-item-header-button-text\">\n                                                        Uppt\u00e4ck M365                                                    <\/span>\n                                                    <i class=\"nab-bento-item-header-title-icon material-symbols-outlined is-mobile \" aria-label=\"Arrow right\">arrow_right_alt<\/i>\n                                                                                            <\/a>\n                                                                            <\/header>\n\n                                    \n                                                                    <\/div>\n                            <\/div>\n                                            <\/div>\n                                \n                               \n                                    <\/div>\n    <\/section>\n\n\n\r\n\r\n    <section class=\"nab-article has-offset  \" id=\"\">\r\n        <div class=\"nab-article-inner \">\r\n            <h3>Samarbete med gemensam struktur<\/h3>\n<p>I moderna organisationer sker samarbete:<\/p>\n<ul>\n<li>i gemensamma ytor<\/li>\n<li>med tydlig struktur<\/li>\n<li>med samma information f\u00f6r alla<\/li>\n<\/ul>\n<p>Dokument, dialog och beslut h\u00f6r ihop. Det g\u00f6r arbetet mer transparent och mindre personberoende.<\/p>\n<h3>S\u00e4kerhet som f\u00f6ljer arbetet<\/h3>\n<p>S\u00e4kerhet i Microsoft 365 \u00e4r inte n\u00e5got som \u201dl\u00e4ggs p\u00e5\u201d i efterhand. Den \u00e4r inbyggd i:<\/p>\n<ul>\n<li>\u00e5tkomst<\/li>\n<li>delning<\/li>\n<li>lagring<\/li>\n<li>efterlevnad<\/li>\n<\/ul>\n<p>Det skapar trygghet utan att bromsa arbetet.<\/p>\n<h3>Ett arbetss\u00e4tt som fungerar \u00f6ver tid<\/h3>\n<p>Det moderna arbetss\u00e4ttet handlar inte om att jobba snabbare till varje pris \u2013 utan om att jobba h\u00e5llbart.<br \/>\nN\u00e4r struktur, samarbete och s\u00e4kerhet h\u00e4nger ihop:<\/p>\n<ul>\n<li>minskar stress<\/li>\n<li>\u00f6kar kvaliteten<\/li>\n<li>blir f\u00f6r\u00e4ndring enklare<\/li>\n<\/ul>\n<p>Det \u00e4r d\u00e4rf\u00f6r Microsoft 365 ofta ses som en m\u00f6jligg\u00f6rare f\u00f6r framtidens arbete \u2013 inte bara som ett verktygspaket.<\/p>\n        <\/div>\r\n    <\/section>\r\n\n\n\n<section class=\"nab-faq   \" id=\"\">\n    <div class=\"nab-faq-inner\">\n                    <header class=\"nab-faq-header\">\n                                    <h2 class=\"nab-faq-header-heading is-grey\">\n                        Fr\u00e5gor &amp; svar                     <\/h2>\n                            <\/header>\n        \n                    <div class=\"nab-faq-items\">\n                <div class=\"nab-faq-item\">\n                                            <div class=\"nab-faq-item-question\" itemscope itemprop=\"mainEntity\" itemtype=\"https:\/\/schema.org\/Question\">\n                            <div class=\"nab-faq-item-question-content\">\n                                <a href=\"\" class=\"nab-faq-item-question-content-link \">\n                                                                            <h3 class=\"nab-faq-item-question-content-link-label is-grey\" itemprop=\"name\">\n                                            Vad \u00e4r Microsoft 365?                                         <\/h3>\n                                        <i class=\"nab-faq-item-question-content-link-icon material-symbols-outlined\" style=\"font-variation-settings: 'FILL' 1;\">arrow_circle_down<\/i>\n                                                                    <\/a>\n\n                                                                    <div class=\"nab-faq-item-question-content-answer \" itemscope itemprop=\"acceptedAnswer\" itemtype=\"https:\/\/schema.org\/Answer\">\n                                        <span itemprop=\"text\">\n                                            <p data-start=\"154\" data-end=\"668\">Microsoft 365 \u00e4r en molnbaserad tj\u00e4nst som samlar de verktyg och appar f\u00f6retag och privatpersoner anv\u00e4nder mest \u2013 som Word, Excel, PowerPoint, Teams och Outlook \u2013 p\u00e5 ett st\u00e4lle. Ut\u00f6ver de klassiska apparna ing\u00e5r ocks\u00e5 s\u00e4kerhetsfunktioner, molnlagring via OneDrive och samarbetsverktyg som g\u00f6r det enkelt att jobba tillsammans, oavsett var man befinner sig. Med Microsoft 365 f\u00e5r du alltid uppdaterade versioner, s\u00e4ker \u00e5tkomst och m\u00f6jlighet att v\u00e4xa med ditt f\u00f6retag utan kr\u00e5nglig installation.<\/p>\n                                        <\/span>\n                                    <\/div>\n                                                            <\/div>\n                        <\/div>\n                                            <div class=\"nab-faq-item-question\" itemscope itemprop=\"mainEntity\" itemtype=\"https:\/\/schema.org\/Question\">\n                            <div class=\"nab-faq-item-question-content\">\n                                <a href=\"\" class=\"nab-faq-item-question-content-link \">\n                                                                            <h3 class=\"nab-faq-item-question-content-link-label is-grey\" itemprop=\"name\">\n                                            Vad \u00e4r det f\u00f6r skillnad p\u00e5 Office och Microsoft 365?                                        <\/h3>\n                                        <i class=\"nab-faq-item-question-content-link-icon material-symbols-outlined\" style=\"font-variation-settings: 'FILL' 1;\">arrow_circle_down<\/i>\n                                                                    <\/a>\n\n                                                                    <div class=\"nab-faq-item-question-content-answer \" itemscope itemprop=\"acceptedAnswer\" itemtype=\"https:\/\/schema.org\/Answer\">\n                                        <span itemprop=\"text\">\n                                            <p>Office \u00e4r nu Microsoft 365, en f\u00f6rstklassig produktivitetssvit med innovativa produktivitetsappar, intelligenta molntj\u00e4nster och s\u00e4kerhet i v\u00e4rldsklass. Office.com, Office-mobilappen och Office-appen f\u00f6r Windows har nu kombinerats till Microsoft 365 Copilot-appen \u2013 med ny ikon, nytt utseende och \u00e4nnu fler funktioner.<\/p>\n<p>&nbsp;<\/p>\n                                        <\/span>\n                                    <\/div>\n                                                            <\/div>\n                        <\/div>\n                                            <div class=\"nab-faq-item-question\" itemscope itemprop=\"mainEntity\" itemtype=\"https:\/\/schema.org\/Question\">\n                            <div class=\"nab-faq-item-question-content\">\n                                <a href=\"\" class=\"nab-faq-item-question-content-link \">\n                                                                            <h3 class=\"nab-faq-item-question-content-link-label is-grey\" itemprop=\"name\">\n                                            Varf\u00f6r v\u00e4ljer s\u00e5 m\u00e5nga f\u00f6retag Microsoft 365 f\u00f6r samarbete och s\u00e4kerhet?                                        <\/h3>\n                                        <i class=\"nab-faq-item-question-content-link-icon material-symbols-outlined\" style=\"font-variation-settings: 'FILL' 1;\">arrow_circle_down<\/i>\n                                                                    <\/a>\n\n                                                                    <div class=\"nab-faq-item-question-content-answer \" itemscope itemprop=\"acceptedAnswer\" itemtype=\"https:\/\/schema.org\/Answer\">\n                                        <span itemprop=\"text\">\n                                            <p>F\u00f6retag v\u00e4ljer Microsoft 365 eftersom det kombinerar kraftfulla verktyg f\u00f6r samarbete med h\u00f6g s\u00e4kerhet. Med appar som Teams, SharePoint och OneDrive kan team arbeta tillsammans i realtid, dela filer och h\u00e5lla m\u00f6ten var de \u00e4n befinner sig. Samtidigt skyddar Microsoft 365 data med avancerade s\u00e4kerhetsfunktioner, kryptering och efterlevnadsverktyg, vilket g\u00f6r det enklare att uppfylla regler och skydda f\u00f6retagsinformation. Allt detta i en l\u00f6sning som uppdateras automatiskt och alltid h\u00e5ller sig aktuell.<\/p>\n                                        <\/span>\n                                    <\/div>\n                                                            <\/div>\n                        <\/div>\n                                    <\/div>\n            <\/div>\n            <\/div>\n<\/section>\n\n\n\n<section class=\"nab-cta-island   \" id=\"\">\n    <div class=\"nab-cta-island-inner\">\n        <header class=\"nab-cta-island-header\">\n                            <h2 class=\"nab-cta-island-header-title \">\n                    Vill ni arbeta mer modernt med Microsoft 365?                <\/h2>\n                        \n                        \n                            <a href=\"\" class=\"nab-cta-island-header-button nab-button is-primary is-info-form-popup\" aria-label=\"Kontakta oss\">\n                    Kontakta oss                <\/a>\n                \n                    <\/header>\n\n    <\/div>\n<\/section>\n\n\r\n<section class=\"nab-form-popup nab-form\">\r\n    <div class=\"nab-form-popup-inner\">\r\n        <a href=\"#\" class=\"nab-form-popup-close\">\r\n            <i class=\"nab-form-popup-close-icon material-symbols-outlined\">close<\/i>\r\n        <\/a>\r\n        <header class=\"nab-form-popup-header\">\r\n            <h3 class=\"nab-form-popup-header-title is-large\">\r\n                F\u00e5 mer information            <\/h3>\r\n            <p class=\"nab-form-popup-header-text is-lead\">\r\n                Fyll i formul\u00e4ret nedan f\u00f6r att f\u00e5 mer information om v\u00e5ra l\u00f6sningar.            <\/p>\r\n        <\/header>\r\n\r\n        <div class=\"nab-form-popup-form-wrapper\">\r\n            <form\r\n                action=\"\/wp-json\/nab\/v1\/mail\"\r\n                class=\"nab-form-popup-form nab-form-area\"\r\n                id=\"nab-form-area\"\r\n                data-type=\"info\"\r\n            >\r\n                <div class=\"nab-form-area-item is-botcheck\">\r\n                    <input type=\"tel\" class=\"nab-form-area-input is-botcheck\">\r\n                <\/div>\r\n\r\n                <div class=\"nab-form-area-item is-50\">\r\n                    <label for=\"nab-form-first-name\" class=\"nab-form-area-label\">\r\n                        F\u00f6rnamn*  \r\n                    <\/label>\r\n                    <input type=\"text\" class=\"nab-form-area-input is-required\" id=\"nab-form-first-name\">\r\n                    <p class=\"nab-form-area-error\">\r\n                        Var v\u00e4nlig och fyll i ditt f\u00f6rnamn.                    <\/p>\r\n                <\/div>\r\n                \r\n                <div class=\"nab-form-area-item is-50\">\r\n                    <label for=\"nab-form-last-name\" class=\"nab-form-area-label\">\r\n                        Efternamn*                    <\/label>\r\n                    <input type=\"text\" class=\"nab-form-area-input is-required\" id=\"nab-form-last-name\">\r\n                    <p class=\"nab-form-area-error\">\r\n                        Var v\u00e4nlig och fyll i ditt efternamn.                    <\/p>\r\n                <\/div>\r\n                \r\n                <div class=\"nab-form-area-item\">\r\n                    <label for=\"nab-form-company\" class=\"nab-form-area-label\">\r\n                        F\u00f6retag                    <\/label>\r\n                    <input type=\"text\" class=\"nab-form-area-input\" id=\"nab-form-company\">\r\n                <\/div>\r\n\r\n                <div class=\"nab-form-area-item is-50\">\r\n                    <label for=\"nab-form-email\" class=\"nab-form-area-label\">\r\n                        E-post*                    <\/label>\r\n                    <input type=\"email\" class=\"nab-form-area-input is-required\" id=\"nab-form-email\">\r\n                    <p class=\"nab-form-area-error\">\r\n                        Var v\u00e4nlig och fyll i din e-post.                    <\/p>\r\n                <\/div>\r\n                \r\n                <div class=\"nab-form-area-item is-50\">\r\n                    <label for=\"nab-form-phone\" class=\"nab-form-area-label\">\r\n                        Telefon*                    <\/label>\r\n                    <input type=\"tel\" class=\"nab-form-area-input is-required\" id=\"nab-form-phone\">\r\n                    <p class=\"nab-form-area-error\">\r\n                        Var v\u00e4nlig och fyll i ditt telefonnummer.                    <\/p>\r\n                <\/div>\r\n\r\n                <div class=\"nab-form-area-item\">\r\n                    <label for=\"nab-form-message\" class=\"nab-form-area-label is-message\">\r\n                        Meddelande                    <\/label>\r\n                    <textarea name=\"\" id=\"nab-form-message\" class=\"nab-form-area-input nab-form-area-textarea\"><\/textarea>\r\n                <\/div>\r\n\r\n                <div class=\"nab-form-area-item\">\r\n                    <button class=\"nab-form-area-submit nab-button is-primary is-full\">\r\n                        Skicka                    <\/button>\r\n                    <img decoding=\"async\" src=\"https:\/\/nabsolutions.com\/se\/wp-content\/themes\/nab-solutions-public\/assets\/static\/images\/oval.svg\" alt=\"\" class=\"nab-form-area-submit-icon\">\r\n                <\/div>\r\n\r\n                <p class=\"nab-form-area-integritypolicy is-small\">\r\n                    Genom att kontakta NAB kommer dina personuppgifter behandlas enligt NAB:s <a href=\"\/se\/om-nab-solutions\/integritetspolicy\">integritetspolicy<\/a>.                <\/p>\r\n\r\n                            <\/form>\r\n        <\/div>\r\n    <\/div>\r\n<\/section>","protected":false},"excerpt":{"rendered":"<p>Moderna organisationer anv\u00e4nder Microsoft 365 f\u00f6r att kombinera samarbete, struktur och s\u00e4kerhet \u2013 p\u00e5 kontoret, hemma eller p\u00e5 resande fot. Resultatet \u00e4r ett h\u00e5llbart arbetss\u00e4tt som fungerar i vardagen och \u00f6ver tid.<\/p>\n","protected":false},"author":8,"featured_media":5247,"comment_status":"closed","ping_status":"closed","sticky":false,"template":"","format":"standard","meta":{"_acf_changed":false,"inline_featured_image":false,"footnotes":""},"categories":[60,48],"tags":[132],"post_folder":[225],"class_list":["post-3790","post","type-post","status-publish","format-standard","has-post-thumbnail","hentry","category-microsoft-365","category-produktivitet","tag-awareness"],"acf":[],"yoast_head":"<!-- This site is optimized with the Yoast SEO plugin v27.5 - https:\/\/yoast.com\/product\/yoast-seo-wordpress\/ -->\n<title>S\u00e5 jobbar moderna f\u00f6retag \u2013 tryggt, flexibelt och uppkopplat - NAB<\/title>\n<meta name=\"description\" content=\"Uppt\u00e4ck hur Microsoft 365 m\u00f6jligg\u00f6r ett modernt arbetss\u00e4tt med fokus, samarbete och s\u00e4kerhet. Struktur och gemensamma ytor g\u00f6r arbetet\" \/>\n<meta name=\"robots\" content=\"index, follow, max-snippet:-1, max-image-preview:large, max-video-preview:-1\" \/>\n<link rel=\"canonical\" href=\"https:\/\/nabsolutions.com\/se\/produktivitet\/sa-jobbar-moderna-foretag-tryggt-flexibelt-och-uppkopplat\/\" \/>\n<meta property=\"og:locale\" content=\"sv_SE\" \/>\n<meta property=\"og:type\" content=\"article\" \/>\n<meta property=\"og:title\" content=\"S\u00e5 jobbar moderna f\u00f6retag \u2013 tryggt, flexibelt och uppkopplat - NAB\" \/>\n<meta property=\"og:description\" content=\"Uppt\u00e4ck hur Microsoft 365 m\u00f6jligg\u00f6r ett modernt arbetss\u00e4tt med fokus, samarbete och s\u00e4kerhet. Struktur och gemensamma ytor g\u00f6r arbetet\" \/>\n<meta property=\"og:url\" content=\"https:\/\/nabsolutions.com\/se\/produktivitet\/sa-jobbar-moderna-foretag-tryggt-flexibelt-och-uppkopplat\/\" \/>\n<meta property=\"og:site_name\" content=\"NAB SVERIGE\" \/>\n<meta property=\"article:published_time\" content=\"2026-03-04T13:23:16+00:00\" \/>\n<meta property=\"article:modified_time\" content=\"2026-03-11T11:46:26+00:00\" \/>\n<meta property=\"og:image\" content=\"https:\/\/nabsolutions.com\/se\/wp-content\/uploads\/sites\/2\/2026\/03\/Sa-jobbar-moderna-foretag-\u2013-tryggt-flexibelt-och-uppkopplat.webp\" \/>\n\t<meta property=\"og:image:width\" content=\"1280\" \/>\n\t<meta property=\"og:image:height\" content=\"720\" \/>\n\t<meta property=\"og:image:type\" content=\"image\/webp\" \/>\n<meta name=\"author\" content=\"cajsa\" \/>\n<meta name=\"twitter:card\" content=\"summary_large_image\" \/>\n<meta name=\"twitter:label1\" content=\"Skriven av\" \/>\n\t<meta name=\"twitter:data1\" content=\"cajsa\" \/>\n\t<meta name=\"twitter:label2\" content=\"Ber\u00e4knad l\u00e4stid\" \/>\n\t<meta name=\"twitter:data2\" content=\"1 minut\" \/>\n<script type=\"application\/ld+json\" class=\"yoast-schema-graph\">{\"@context\":\"https:\\\/\\\/schema.org\",\"@graph\":[{\"@type\":\"Article\",\"@id\":\"https:\\\/\\\/nabsolutions.com\\\/se\\\/produktivitet\\\/sa-jobbar-moderna-foretag-tryggt-flexibelt-och-uppkopplat\\\/#article\",\"isPartOf\":{\"@id\":\"https:\\\/\\\/nabsolutions.com\\\/se\\\/produktivitet\\\/sa-jobbar-moderna-foretag-tryggt-flexibelt-och-uppkopplat\\\/\"},\"author\":{\"name\":\"cajsa\",\"@id\":\"https:\\\/\\\/nabsolutions.com\\\/se\\\/#\\\/schema\\\/person\\\/19619ab50b34552da7c1d5767796b0d5\"},\"headline\":\"S\u00e5 jobbar moderna f\u00f6retag \u2013 tryggt, flexibelt och uppkopplat\",\"datePublished\":\"2026-03-04T13:23:16+00:00\",\"dateModified\":\"2026-03-11T11:46:26+00:00\",\"mainEntityOfPage\":{\"@id\":\"https:\\\/\\\/nabsolutions.com\\\/se\\\/produktivitet\\\/sa-jobbar-moderna-foretag-tryggt-flexibelt-och-uppkopplat\\\/\"},\"wordCount\":9,\"publisher\":{\"@id\":\"https:\\\/\\\/nabsolutions.com\\\/se\\\/#organization\"},\"image\":{\"@id\":\"https:\\\/\\\/nabsolutions.com\\\/se\\\/produktivitet\\\/sa-jobbar-moderna-foretag-tryggt-flexibelt-och-uppkopplat\\\/#primaryimage\"},\"thumbnailUrl\":\"https:\\\/\\\/nabsolutions.com\\\/se\\\/wp-content\\\/uploads\\\/sites\\\/2\\\/2026\\\/03\\\/Sa-jobbar-moderna-foretag-\u2013-tryggt-flexibelt-och-uppkopplat.webp\",\"keywords\":[\"Awareness\"],\"articleSection\":[\"Microsoft 365\",\"Produktivitet\"],\"inLanguage\":\"sv-SE\"},{\"@type\":\"WebPage\",\"@id\":\"https:\\\/\\\/nabsolutions.com\\\/se\\\/produktivitet\\\/sa-jobbar-moderna-foretag-tryggt-flexibelt-och-uppkopplat\\\/\",\"url\":\"https:\\\/\\\/nabsolutions.com\\\/se\\\/produktivitet\\\/sa-jobbar-moderna-foretag-tryggt-flexibelt-och-uppkopplat\\\/\",\"name\":\"S\u00e5 jobbar moderna f\u00f6retag \u2013 tryggt, flexibelt och uppkopplat - NAB\",\"isPartOf\":{\"@id\":\"https:\\\/\\\/nabsolutions.com\\\/se\\\/#website\"},\"primaryImageOfPage\":{\"@id\":\"https:\\\/\\\/nabsolutions.com\\\/se\\\/produktivitet\\\/sa-jobbar-moderna-foretag-tryggt-flexibelt-och-uppkopplat\\\/#primaryimage\"},\"image\":{\"@id\":\"https:\\\/\\\/nabsolutions.com\\\/se\\\/produktivitet\\\/sa-jobbar-moderna-foretag-tryggt-flexibelt-och-uppkopplat\\\/#primaryimage\"},\"thumbnailUrl\":\"https:\\\/\\\/nabsolutions.com\\\/se\\\/wp-content\\\/uploads\\\/sites\\\/2\\\/2026\\\/03\\\/Sa-jobbar-moderna-foretag-\u2013-tryggt-flexibelt-och-uppkopplat.webp\",\"datePublished\":\"2026-03-04T13:23:16+00:00\",\"dateModified\":\"2026-03-11T11:46:26+00:00\",\"description\":\"Uppt\u00e4ck hur Microsoft 365 m\u00f6jligg\u00f6r ett modernt arbetss\u00e4tt med fokus, samarbete och s\u00e4kerhet. Struktur och gemensamma ytor g\u00f6r arbetet\",\"breadcrumb\":{\"@id\":\"https:\\\/\\\/nabsolutions.com\\\/se\\\/produktivitet\\\/sa-jobbar-moderna-foretag-tryggt-flexibelt-och-uppkopplat\\\/#breadcrumb\"},\"inLanguage\":\"sv-SE\",\"potentialAction\":[{\"@type\":\"ReadAction\",\"target\":[\"https:\\\/\\\/nabsolutions.com\\\/se\\\/produktivitet\\\/sa-jobbar-moderna-foretag-tryggt-flexibelt-och-uppkopplat\\\/\"]}]},{\"@type\":\"ImageObject\",\"inLanguage\":\"sv-SE\",\"@id\":\"https:\\\/\\\/nabsolutions.com\\\/se\\\/produktivitet\\\/sa-jobbar-moderna-foretag-tryggt-flexibelt-och-uppkopplat\\\/#primaryimage\",\"url\":\"https:\\\/\\\/nabsolutions.com\\\/se\\\/wp-content\\\/uploads\\\/sites\\\/2\\\/2026\\\/03\\\/Sa-jobbar-moderna-foretag-\u2013-tryggt-flexibelt-och-uppkopplat.webp\",\"contentUrl\":\"https:\\\/\\\/nabsolutions.com\\\/se\\\/wp-content\\\/uploads\\\/sites\\\/2\\\/2026\\\/03\\\/Sa-jobbar-moderna-foretag-\u2013-tryggt-flexibelt-och-uppkopplat.webp\",\"width\":1280,\"height\":720},{\"@type\":\"BreadcrumbList\",\"@id\":\"https:\\\/\\\/nabsolutions.com\\\/se\\\/produktivitet\\\/sa-jobbar-moderna-foretag-tryggt-flexibelt-och-uppkopplat\\\/#breadcrumb\",\"itemListElement\":[{\"@type\":\"ListItem\",\"position\":1,\"name\":\"Home\",\"item\":\"https:\\\/\\\/nabsolutions.com\\\/se\\\/\"},{\"@type\":\"ListItem\",\"position\":2,\"name\":\"S\u00e5 jobbar moderna f\u00f6retag \u2013 tryggt, flexibelt och uppkopplat\"}]},{\"@type\":\"WebSite\",\"@id\":\"https:\\\/\\\/nabsolutions.com\\\/se\\\/#website\",\"url\":\"https:\\\/\\\/nabsolutions.com\\\/se\\\/\",\"name\":\"NAB Solutions AB\",\"description\":\"\",\"publisher\":{\"@id\":\"https:\\\/\\\/nabsolutions.com\\\/se\\\/#organization\"},\"alternateName\":\"NAB\",\"potentialAction\":[{\"@type\":\"SearchAction\",\"target\":{\"@type\":\"EntryPoint\",\"urlTemplate\":\"https:\\\/\\\/nabsolutions.com\\\/se\\\/?s={search_term_string}\"},\"query-input\":{\"@type\":\"PropertyValueSpecification\",\"valueRequired\":true,\"valueName\":\"search_term_string\"}}],\"inLanguage\":\"sv-SE\"},{\"@type\":\"Organization\",\"@id\":\"https:\\\/\\\/nabsolutions.com\\\/se\\\/#organization\",\"name\":\"NAB Solutions\",\"alternateName\":\"NAB\",\"url\":\"https:\\\/\\\/nabsolutions.com\\\/se\\\/\",\"logo\":{\"@type\":\"ImageObject\",\"inLanguage\":\"sv-SE\",\"@id\":\"https:\\\/\\\/nabsolutions.com\\\/se\\\/#\\\/schema\\\/logo\\\/image\\\/\",\"url\":\"https:\\\/\\\/nabsolutions.com\\\/se\\\/wp-content\\\/uploads\\\/sites\\\/2\\\/2025\\\/10\\\/nab-logo.svg\",\"contentUrl\":\"https:\\\/\\\/nabsolutions.com\\\/se\\\/wp-content\\\/uploads\\\/sites\\\/2\\\/2025\\\/10\\\/nab-logo.svg\",\"width\":191,\"height\":53,\"caption\":\"NAB Solutions\"},\"image\":{\"@id\":\"https:\\\/\\\/nabsolutions.com\\\/se\\\/#\\\/schema\\\/logo\\\/image\\\/\"}},{\"@type\":\"Person\",\"@id\":\"https:\\\/\\\/nabsolutions.com\\\/se\\\/#\\\/schema\\\/person\\\/19619ab50b34552da7c1d5767796b0d5\",\"name\":\"cajsa\",\"image\":{\"@type\":\"ImageObject\",\"inLanguage\":\"sv-SE\",\"@id\":\"https:\\\/\\\/secure.gravatar.com\\\/avatar\\\/dd826327ce81e5057b5de5e213432ac6aa65d776e3d2501568cdd84f486b49d4?s=96&d=mm&r=g\",\"url\":\"https:\\\/\\\/secure.gravatar.com\\\/avatar\\\/dd826327ce81e5057b5de5e213432ac6aa65d776e3d2501568cdd84f486b49d4?s=96&d=mm&r=g\",\"contentUrl\":\"https:\\\/\\\/secure.gravatar.com\\\/avatar\\\/dd826327ce81e5057b5de5e213432ac6aa65d776e3d2501568cdd84f486b49d4?s=96&d=mm&r=g\",\"caption\":\"cajsa\"},\"url\":\"https:\\\/\\\/nabsolutions.com\\\/se\\\/author\\\/cajsa\\\/\"}]}<\/script>\n<!-- \/ Yoast SEO plugin. -->","yoast_head_json":{"title":"S\u00e5 jobbar moderna f\u00f6retag \u2013 tryggt, flexibelt och uppkopplat - NAB","description":"Uppt\u00e4ck hur Microsoft 365 m\u00f6jligg\u00f6r ett modernt arbetss\u00e4tt med fokus, samarbete och s\u00e4kerhet. Struktur och gemensamma ytor g\u00f6r arbetet","robots":{"index":"index","follow":"follow","max-snippet":"max-snippet:-1","max-image-preview":"max-image-preview:large","max-video-preview":"max-video-preview:-1"},"canonical":"https:\/\/nabsolutions.com\/se\/produktivitet\/sa-jobbar-moderna-foretag-tryggt-flexibelt-och-uppkopplat\/","og_locale":"sv_SE","og_type":"article","og_title":"S\u00e5 jobbar moderna f\u00f6retag \u2013 tryggt, flexibelt och uppkopplat - NAB","og_description":"Uppt\u00e4ck hur Microsoft 365 m\u00f6jligg\u00f6r ett modernt arbetss\u00e4tt med fokus, samarbete och s\u00e4kerhet. Struktur och gemensamma ytor g\u00f6r arbetet","og_url":"https:\/\/nabsolutions.com\/se\/produktivitet\/sa-jobbar-moderna-foretag-tryggt-flexibelt-och-uppkopplat\/","og_site_name":"NAB SVERIGE","article_published_time":"2026-03-04T13:23:16+00:00","article_modified_time":"2026-03-11T11:46:26+00:00","og_image":[{"width":1280,"height":720,"url":"https:\/\/nabsolutions.com\/se\/wp-content\/uploads\/sites\/2\/2026\/03\/Sa-jobbar-moderna-foretag-\u2013-tryggt-flexibelt-och-uppkopplat.webp","type":"image\/webp"}],"author":"cajsa","twitter_card":"summary_large_image","twitter_misc":{"Skriven av":"cajsa","Ber\u00e4knad l\u00e4stid":"1 minut"},"schema":{"@context":"https:\/\/schema.org","@graph":[{"@type":"Article","@id":"https:\/\/nabsolutions.com\/se\/produktivitet\/sa-jobbar-moderna-foretag-tryggt-flexibelt-och-uppkopplat\/#article","isPartOf":{"@id":"https:\/\/nabsolutions.com\/se\/produktivitet\/sa-jobbar-moderna-foretag-tryggt-flexibelt-och-uppkopplat\/"},"author":{"name":"cajsa","@id":"https:\/\/nabsolutions.com\/se\/#\/schema\/person\/19619ab50b34552da7c1d5767796b0d5"},"headline":"S\u00e5 jobbar moderna f\u00f6retag \u2013 tryggt, flexibelt och uppkopplat","datePublished":"2026-03-04T13:23:16+00:00","dateModified":"2026-03-11T11:46:26+00:00","mainEntityOfPage":{"@id":"https:\/\/nabsolutions.com\/se\/produktivitet\/sa-jobbar-moderna-foretag-tryggt-flexibelt-och-uppkopplat\/"},"wordCount":9,"publisher":{"@id":"https:\/\/nabsolutions.com\/se\/#organization"},"image":{"@id":"https:\/\/nabsolutions.com\/se\/produktivitet\/sa-jobbar-moderna-foretag-tryggt-flexibelt-och-uppkopplat\/#primaryimage"},"thumbnailUrl":"https:\/\/nabsolutions.com\/se\/wp-content\/uploads\/sites\/2\/2026\/03\/Sa-jobbar-moderna-foretag-\u2013-tryggt-flexibelt-och-uppkopplat.webp","keywords":["Awareness"],"articleSection":["Microsoft 365","Produktivitet"],"inLanguage":"sv-SE"},{"@type":"WebPage","@id":"https:\/\/nabsolutions.com\/se\/produktivitet\/sa-jobbar-moderna-foretag-tryggt-flexibelt-och-uppkopplat\/","url":"https:\/\/nabsolutions.com\/se\/produktivitet\/sa-jobbar-moderna-foretag-tryggt-flexibelt-och-uppkopplat\/","name":"S\u00e5 jobbar moderna f\u00f6retag \u2013 tryggt, flexibelt och uppkopplat - NAB","isPartOf":{"@id":"https:\/\/nabsolutions.com\/se\/#website"},"primaryImageOfPage":{"@id":"https:\/\/nabsolutions.com\/se\/produktivitet\/sa-jobbar-moderna-foretag-tryggt-flexibelt-och-uppkopplat\/#primaryimage"},"image":{"@id":"https:\/\/nabsolutions.com\/se\/produktivitet\/sa-jobbar-moderna-foretag-tryggt-flexibelt-och-uppkopplat\/#primaryimage"},"thumbnailUrl":"https:\/\/nabsolutions.com\/se\/wp-content\/uploads\/sites\/2\/2026\/03\/Sa-jobbar-moderna-foretag-\u2013-tryggt-flexibelt-och-uppkopplat.webp","datePublished":"2026-03-04T13:23:16+00:00","dateModified":"2026-03-11T11:46:26+00:00","description":"Uppt\u00e4ck hur Microsoft 365 m\u00f6jligg\u00f6r ett modernt arbetss\u00e4tt med fokus, samarbete och s\u00e4kerhet. Struktur och gemensamma ytor g\u00f6r arbetet","breadcrumb":{"@id":"https:\/\/nabsolutions.com\/se\/produktivitet\/sa-jobbar-moderna-foretag-tryggt-flexibelt-och-uppkopplat\/#breadcrumb"},"inLanguage":"sv-SE","potentialAction":[{"@type":"ReadAction","target":["https:\/\/nabsolutions.com\/se\/produktivitet\/sa-jobbar-moderna-foretag-tryggt-flexibelt-och-uppkopplat\/"]}]},{"@type":"ImageObject","inLanguage":"sv-SE","@id":"https:\/\/nabsolutions.com\/se\/produktivitet\/sa-jobbar-moderna-foretag-tryggt-flexibelt-och-uppkopplat\/#primaryimage","url":"https:\/\/nabsolutions.com\/se\/wp-content\/uploads\/sites\/2\/2026\/03\/Sa-jobbar-moderna-foretag-\u2013-tryggt-flexibelt-och-uppkopplat.webp","contentUrl":"https:\/\/nabsolutions.com\/se\/wp-content\/uploads\/sites\/2\/2026\/03\/Sa-jobbar-moderna-foretag-\u2013-tryggt-flexibelt-och-uppkopplat.webp","width":1280,"height":720},{"@type":"BreadcrumbList","@id":"https:\/\/nabsolutions.com\/se\/produktivitet\/sa-jobbar-moderna-foretag-tryggt-flexibelt-och-uppkopplat\/#breadcrumb","itemListElement":[{"@type":"ListItem","position":1,"name":"Home","item":"https:\/\/nabsolutions.com\/se\/"},{"@type":"ListItem","position":2,"name":"S\u00e5 jobbar moderna f\u00f6retag \u2013 tryggt, flexibelt och uppkopplat"}]},{"@type":"WebSite","@id":"https:\/\/nabsolutions.com\/se\/#website","url":"https:\/\/nabsolutions.com\/se\/","name":"NAB Solutions AB","description":"","publisher":{"@id":"https:\/\/nabsolutions.com\/se\/#organization"},"alternateName":"NAB","potentialAction":[{"@type":"SearchAction","target":{"@type":"EntryPoint","urlTemplate":"https:\/\/nabsolutions.com\/se\/?s={search_term_string}"},"query-input":{"@type":"PropertyValueSpecification","valueRequired":true,"valueName":"search_term_string"}}],"inLanguage":"sv-SE"},{"@type":"Organization","@id":"https:\/\/nabsolutions.com\/se\/#organization","name":"NAB Solutions","alternateName":"NAB","url":"https:\/\/nabsolutions.com\/se\/","logo":{"@type":"ImageObject","inLanguage":"sv-SE","@id":"https:\/\/nabsolutions.com\/se\/#\/schema\/logo\/image\/","url":"https:\/\/nabsolutions.com\/se\/wp-content\/uploads\/sites\/2\/2025\/10\/nab-logo.svg","contentUrl":"https:\/\/nabsolutions.com\/se\/wp-content\/uploads\/sites\/2\/2025\/10\/nab-logo.svg","width":191,"height":53,"caption":"NAB Solutions"},"image":{"@id":"https:\/\/nabsolutions.com\/se\/#\/schema\/logo\/image\/"}},{"@type":"Person","@id":"https:\/\/nabsolutions.com\/se\/#\/schema\/person\/19619ab50b34552da7c1d5767796b0d5","name":"cajsa","image":{"@type":"ImageObject","inLanguage":"sv-SE","@id":"https:\/\/secure.gravatar.com\/avatar\/dd826327ce81e5057b5de5e213432ac6aa65d776e3d2501568cdd84f486b49d4?s=96&d=mm&r=g","url":"https:\/\/secure.gravatar.com\/avatar\/dd826327ce81e5057b5de5e213432ac6aa65d776e3d2501568cdd84f486b49d4?s=96&d=mm&r=g","contentUrl":"https:\/\/secure.gravatar.com\/avatar\/dd826327ce81e5057b5de5e213432ac6aa65d776e3d2501568cdd84f486b49d4?s=96&d=mm&r=g","caption":"cajsa"},"url":"https:\/\/nabsolutions.com\/se\/author\/cajsa\/"}]}},"_links":{"self":[{"href":"https:\/\/nabsolutions.com\/se\/wp-json\/wp\/v2\/posts\/3790","targetHints":{"allow":["GET"]}}],"collection":[{"href":"https:\/\/nabsolutions.com\/se\/wp-json\/wp\/v2\/posts"}],"about":[{"href":"https:\/\/nabsolutions.com\/se\/wp-json\/wp\/v2\/types\/post"}],"author":[{"embeddable":true,"href":"https:\/\/nabsolutions.com\/se\/wp-json\/wp\/v2\/users\/8"}],"replies":[{"embeddable":true,"href":"https:\/\/nabsolutions.com\/se\/wp-json\/wp\/v2\/comments?post=3790"}],"version-history":[{"count":5,"href":"https:\/\/nabsolutions.com\/se\/wp-json\/wp\/v2\/posts\/3790\/revisions"}],"predecessor-version":[{"id":6047,"href":"https:\/\/nabsolutions.com\/se\/wp-json\/wp\/v2\/posts\/3790\/revisions\/6047"}],"wp:featuredmedia":[{"embeddable":true,"href":"https:\/\/nabsolutions.com\/se\/wp-json\/wp\/v2\/media\/5247"}],"wp:attachment":[{"href":"https:\/\/nabsolutions.com\/se\/wp-json\/wp\/v2\/media?parent=3790"}],"wp:term":[{"taxonomy":"category","embeddable":true,"href":"https:\/\/nabsolutions.com\/se\/wp-json\/wp\/v2\/categories?post=3790"},{"taxonomy":"post_tag","embeddable":true,"href":"https:\/\/nabsolutions.com\/se\/wp-json\/wp\/v2\/tags?post=3790"},{"taxonomy":"post_folder","embeddable":true,"href":"https:\/\/nabsolutions.com\/se\/wp-json\/wp\/v2\/post_folder?post=3790"}],"curies":[{"name":"wp","href":"https:\/\/api.w.org\/{rel}","templated":true}]}}