{"id":944,"date":"2021-11-29T13:13:00","date_gmt":"2021-11-29T12:13:00","guid":{"rendered":"https:\/\/nabsolutions.com\/se\/?p=944"},"modified":"2025-11-10T13:30:49","modified_gmt":"2025-11-10T12:30:49","slug":"mot-nina-tillstrom-administrative-coordinator","status":"publish","type":"post","link":"https:\/\/nabsolutions.com\/se\/vi-pa-nab\/mot-nina-tillstrom-administrative-coordinator\/","title":{"rendered":"M\u00f6t Nina Tillstr\u00f6m \u2013 Administrative Coordinator!"},"content":{"rendered":"\r\n<section class=\"nab-news-hero\">\r\n    <div class=\"nab-news-hero-inner\">\r\n        <header class=\"nab-news-hero-header\">\r\n            <p class=\"nab-news-hero-header-date is-ingress\">\r\n                29 november 2021            <\/p>\r\n\r\n            <h1 class=\"nab-news-hero-header-title is-h2\">\r\n                M\u00f6t Nina Tillstr\u00f6m \u2013 Administrative Coordinator!            <\/h1>\r\n\r\n                                                <!-- <a href=\"\" class=\"nab-news-hero-header-button nab-button is-primary is-grey is-chips\">\r\n                                            <\/a> -->\r\n\r\n                    <p class=\"nab-news-hero-header-button-no-button\">\r\n                        Vi p\u00e5 nab                    <\/p>\r\n                                    <\/header>\r\n\r\n        <div class=\"nab-news-hero-image\">\r\n            <img decoding=\"async\" \r\n                data-src=\"https:\/\/nabsolutions.com\/se\/wp-content\/uploads\/sites\/2\/2025\/11\/nina-business-central-microsoft.webp\"\r\n                alt=\"Nina Tillstr\u00f6m NAB Solutions\"\r\n                class=\"nab-news-hero-image-figure lazyload\"\r\n             src=\"data:image\/svg+xml;base64,PHN2ZyB3aWR0aD0iMSIgaGVpZ2h0PSIxIiB4bWxucz0iaHR0cDovL3d3dy53My5vcmcvMjAwMC9zdmciPjwvc3ZnPg==\" style=\"--smush-placeholder-width: 1920px; --smush-placeholder-aspect-ratio: 1920\/1080;\">\r\n        <\/div>\r\n\r\n        <header class=\"nab-news-hero-excerpt\">\r\n            <p class=\"nab-news-hero-excerpt-text is-ingress\">\r\n                \u2013 Det som jag tyckt varit roligt \u00e4nda sen jag b\u00f6rjade p\u00e5 NAB \u00e4r att vi jobbar i en bransch som st\u00e4ndigt v\u00e4xer och utvecklas, s\u00e4ger Nina.            <\/p>\r\n        <\/header>\r\n\r\n        <div class=\"nab-news-hero-content\">\r\n            <div class=\"nab-news-hero-content-inner\">\r\n                <h4 class=\"nab-news-hero-content-title is-bold is-grey\">\r\n                    Inneh\u00e5ll                <\/h4>\r\n\r\n                <ol class=\"nab-news-hero-content-list\">\r\n                                    <\/ol>\r\n            <\/div>\r\n        <\/div>\r\n\r\n    <\/div>\r\n<\/section>\n\n\r\n\r\n    <section class=\"nab-article has-offset has--padding-top has--padding-bottom\" id=\"\">\r\n        <div class=\"nab-article-inner \">\r\n            <h2 class=\"wh-text-block-heading no-padding-top \">Vi forts\u00e4tter p\u00e5 temat med att presentera v\u00e5ra medarbetare! N\u00e4st p\u00e5 tur \u00e4r Nina!<\/h2>\n<p>&nbsp;<\/p>\n<h4 class=\"wh-text-block-subheading no-padding-top\">Nina, uppv\u00e4xt i den sm\u00e5l\u00e4ndska skogen, arbetar idag som administrative coordinator p\u00e5 NABs kontor i V\u00e4xj\u00f6.<\/h4>\n<p class=\"wh-text-block-text no-padding-top\">Jag b\u00f6rjade p\u00e5 NAB 2013 och arbetade d\u00e5 i supporten, ber\u00e4ttar Nina. Idag best\u00e5r mitt arbete fr\u00e4mst av administrativa uppgifter, exempelvis licenser och avtal men \u00e4ven mycket kommunikation med Microsoft kring deras utveckling och f\u00f6r\u00e4ndringar.<\/p>\n<h4 class=\"wh-text-block-subheading no-padding-top\">Vad tycker du \u00e4r roligt med ditt jobb p\u00e5 NAB?<\/h4>\n<p class=\"wh-text-block-text no-padding-top\">\u2013 Det som jag tyckt varit roligt \u00e4nda sen jag b\u00f6rjade p\u00e5 NAB \u00e4r att vi jobbar i en bransch som st\u00e4ndigt v\u00e4xer och utvecklas, s\u00e4ger Nina. Det h\u00e4nder mycket hela tiden och man vet aldrig vad som kommer ske i framtiden, vilket \u00e4r sp\u00e4nnande. Eftersom vi arbetar med kunder i m\u00e5nga olika branscher med olika behov \u00e4r ingen dag den andre lik, vilket ocks\u00e5 \u00e4r v\u00e4ldigt roligt. NAB \u00e4r \u00e4ven ett otroligt kul f\u00f6retag att arbeta p\u00e5 och vi har \u00f6verlag v\u00e4ldigt roligt p\u00e5 jobbet!<\/p>\n<h4 class=\"wh-text-block-subheading no-padding-top\">Finns det n\u00e5gra utmaningar med ditt arbete?<\/h4>\n<p class=\"wh-text-block-text no-padding-top\">\u2013 Jag skulle s\u00e4ga att utmaningarna med mitt jobb \u00e4r v\u00e4ldigt sammanfl\u00e4tade med vad som g\u00f6r jobbet roligt. Eftersom branschen hela tiden utvecklas \u00e4r det om\u00f6jligt att n\u00e5gonsin bli helt full\u00e4rd. Men jag tycker s\u00e5klart att detta \u00e4r en st\u00f6rre f\u00f6rdel \u00e4n utmaning, eftersom ett jobb d\u00e4r allting ser likadant ut varje dag inte \u00e4r n\u00e5got f\u00f6r mig, ber\u00e4ttar Nina.<\/p>\n<h4 class=\"wh-text-block-subheading no-padding-top\">Hur fungerar Business Central och andra verktyg i din roll?<\/h4>\n<p class=\"wh-text-block-text no-padding-top\">Jag jobbar mycket i Business Central och \u00e4ven i andra av v\u00e5ra produkter, exempelvis Power Automate, Planner och kopplingen mellan systemen, s\u00e4ger Nina. Vi anv\u00e4nder s\u00e5klart m\u00e5nga av de produkter vi sj\u00e4lva s\u00e4ljer, vilket \u00e4ven ger oss en st\u00f6rre f\u00f6rst\u00e5else f\u00f6r vad kunder upplever!<\/p>\n        <\/div>\r\n    <\/section>\r\n\n\n\n\n\n    <section class=\"nab-bento has-less-padding-top has-less-padding-bottom\" id=\"\">\n        <div class=\"nab-bento-inner\">\n                            \n                                    <div class=\"nab-bento-items is-bento-one\">\n                                                    <div class=\"nab-bento-item link-box-wrapper is-bento-one\">\n                                <div class=\"nab-bento-item-inner is-dark-green has-overlay  is-flex-end \">\n                                                                            <img decoding=\"async\"\n                                            class=\"nab-bento-item-image-figure has-overlay lazyload\" \n                                            data-src=\"https:\/\/nabsolutions.com\/se\/wp-content\/uploads\/sites\/2\/2025\/11\/erp-business-central-microsoft_compressed.webp\" \n                                            alt=\"ERP Microsoft Dynamics 365 Business Central\"\n                                         src=\"data:image\/svg+xml;base64,PHN2ZyB3aWR0aD0iMSIgaGVpZ2h0PSIxIiB4bWxucz0iaHR0cDovL3d3dy53My5vcmcvMjAwMC9zdmciPjwvc3ZnPg==\" style=\"--smush-placeholder-width: 2550px; --smush-placeholder-aspect-ratio: 2550\/1440;\">\n                                                                        \n                                    \n                                    <header class=\"nab-bento-item-header \">\n                                                                                    <p class=\"nab-bento-item-header-subtitle is-uppercase\">\n                                                ERP                                            <\/p>\n                                            <h3 class=\"nab-bento-item-header-title  \">\n                                                Uppt\u00e4ck hur Microsoft Dynamics 365 Business Central kan ta din verksamhet till n\u00e4sta niv\u00e5. B\u00e4sta ERP enligt Forbes!                                            <\/h3>\n                                        \n                                                                                    <a \n                                                href=\"https:\/\/nabsolutions.com\/se\/erp\/\" \n                                                class=\"nab-bento-item-header-button nab-button is-primary \"\n                                                aria-label=\"Uppt\u00e4ck v\u00e5rt ERP\"\n                                            >\n                                                <span class=\"nab-link-box\"><\/span>\n                                                                                                    <span class=\"nab-bento-item-header-button-text\">\n                                                        Uppt\u00e4ck v\u00e5rt ERP                                                    <\/span>\n                                                    <i class=\"nab-bento-item-header-title-icon material-symbols-outlined is-mobile \" aria-label=\"Arrow right\">arrow_right_alt<\/i>\n                                                                                            <\/a>\n                                                                            <\/header>\n\n                                    \n                                                                    <\/div>\n                            <\/div>\n                                            <\/div>\n                                \n                               \n                                    <\/div>\n    <\/section>\n\n\n\n<section class=\"nab-faq   is-article\" id=\"\">\n    <div class=\"nab-faq-inner\">\n                    <header class=\"nab-faq-header\">\n                                    <h3 class=\"nab-faq-header-heading is-grey\">\n                        Fr\u00e5gor &amp; Svar                    <\/h3>\n                            <\/header>\n        \n                    <div class=\"nab-faq-items\">\n                <div class=\"nab-faq-item\">\n                                            <div class=\"nab-faq-item-question\" itemscope itemprop=\"mainEntity\" itemtype=\"https:\/\/schema.org\/Question\">\n                            <div class=\"nab-faq-item-question-content\">\n                                <a href=\"\" class=\"nab-faq-item-question-content-link is-article\">\n                                                                            <p class=\"nab-faq-item-question-content-link-label is-article is-grey is-lead is-bold\" itemprop=\"name\">\n                                            Vad \u00e4r Dynamics 365 Business Central?                                         <\/p>\n                                        <i class=\"nab-faq-item-question-content-link-icon is-article material-symbols-outlined\" style=\"font-variation-settings: 'FILL' 1;\">arrow_circle_down<\/i>\n                                                                    <\/a>\n\n                                                                    <div class=\"nab-faq-item-question-content-answer is-article\" itemscope itemprop=\"acceptedAnswer\" itemtype=\"https:\/\/schema.org\/Answer\">\n                                        <span itemprop=\"text\">\n                                            <p>Dynamics 365 Business Central \u00e4r ett <strong>molnbaserat aff\u00e4rssystem (ERP)<\/strong> fr\u00e5n Microsoft som \u00e4r en <strong>helt\u00e4ckande l\u00f6sning<\/strong> som hj\u00e4lper f\u00f6retag att bland annat hantera:<\/p>\n<ul>\n<li><strong>Ekonomi och bokf\u00f6ring<\/strong><\/li>\n<li><strong>F\u00f6rs\u00e4ljning och kundservice<\/strong><\/li>\n<li><strong>Ink\u00f6p och lagerhantering<\/strong><\/li>\n<li><strong>Projektstyrning och resursplanering<\/strong><\/li>\n<li><strong>Servicehantering<\/strong><\/li>\n<\/ul>\n<p>&nbsp;<\/p>\n<p><a href=\"https:\/\/nabsolutions.com\/se\/erp\/\">Uppt\u00e4ck v\u00e5rt ERP<\/a><\/p>\n                                        <\/span>\n                                    <\/div>\n                                                            <\/div>\n                        <\/div>\n                                            <div class=\"nab-faq-item-question\" itemscope itemprop=\"mainEntity\" itemtype=\"https:\/\/schema.org\/Question\">\n                            <div class=\"nab-faq-item-question-content\">\n                                <a href=\"\" class=\"nab-faq-item-question-content-link is-article\">\n                                                                            <p class=\"nab-faq-item-question-content-link-label is-article is-grey is-lead is-bold\" itemprop=\"name\">\n                                            Vad \u00e4r Dynamics 365?                                         <\/p>\n                                        <i class=\"nab-faq-item-question-content-link-icon is-article material-symbols-outlined\" style=\"font-variation-settings: 'FILL' 1;\">arrow_circle_down<\/i>\n                                                                    <\/a>\n\n                                                                    <div class=\"nab-faq-item-question-content-answer is-article\" itemscope itemprop=\"acceptedAnswer\" itemtype=\"https:\/\/schema.org\/Answer\">\n                                        <span itemprop=\"text\">\n                                            <p>Microsoft Dynamics 365 \u00e4r en <strong>molnbaserad plattform fr\u00e5n Microsoft<\/strong> som kombinerar <strong>ERP (Enterprise Resource Planning)<\/strong> och <strong>CRM (Customer Relationship Management)<\/strong> i en integrerad l\u00f6sning.<\/p>\n<p>&nbsp;<\/p>\n<p><a href=\"https:\/\/nabsolutions.com\/se\/erp\/\">Uppt\u00e4ck v\u00e5rt ERP<\/a><\/p>\n<p><a href=\"https:\/\/nabsolutions.com\/se\/crm\/\">Uppt\u00e4ck v\u00e5rt CRM<\/a><\/p>\n                                        <\/span>\n                                    <\/div>\n                                                            <\/div>\n                        <\/div>\n                                            <div class=\"nab-faq-item-question\" itemscope itemprop=\"mainEntity\" itemtype=\"https:\/\/schema.org\/Question\">\n                            <div class=\"nab-faq-item-question-content\">\n                                <a href=\"\" class=\"nab-faq-item-question-content-link is-article\">\n                                                                            <p class=\"nab-faq-item-question-content-link-label is-article is-grey is-lead is-bold\" itemprop=\"name\">\n                                            Varf\u00f6r ska jag v\u00e4lja NAB?                                         <\/p>\n                                        <i class=\"nab-faq-item-question-content-link-icon is-article material-symbols-outlined\" style=\"font-variation-settings: 'FILL' 1;\">arrow_circle_down<\/i>\n                                                                    <\/a>\n\n                                                                    <div class=\"nab-faq-item-question-content-answer is-article\" itemscope itemprop=\"acceptedAnswer\" itemtype=\"https:\/\/schema.org\/Answer\">\n                                        <span itemprop=\"text\">\n                                            <p>Vi \u00e4r en ledande Microsoft Partner som blivit utsedda till b\u00e4st i v\u00e4rlden av Microsoft. Vi har \u00f6ver 20 \u00e5rs erfarenhet och driver utvecklingen i v\u00e5r bransch!<\/p>\n                                        <\/span>\n                                    <\/div>\n                                                            <\/div>\n                        <\/div>\n                                    <\/div>\n            <\/div>\n            <\/div>\n<\/section>\n\n\n\n<section class=\"nab-cta-island   \" id=\"\">\n    <div class=\"nab-cta-island-inner\">\n        <header class=\"nab-cta-island-header\">\n                            <h2 class=\"nab-cta-island-header-title \">\n                    Vill ni veta mer om ERP fr\u00e5n Microsoft?                <\/h2>\n                        \n                            <p class=\"nab-cta-island-header-text is-ingress\">\n                    H\u00f6r av er s\u00e5 hj\u00e4lper vi er komma ig\u00e5ng med ett v\u00e4rldsledande ERP!                <\/p>\n                        \n                            <a href=\"\" class=\"nab-cta-island-header-button nab-button is-primary is-info-form-popup\" aria-label=\"Kontakta oss\">\n                    Kontakta oss                <\/a>\n                \n                    <\/header>\n\n    <\/div>\n<\/section>\n\n\r\n<section class=\"nab-form-popup nab-form\">\r\n    <div class=\"nab-form-popup-inner\">\r\n        <a href=\"#\" class=\"nab-form-popup-close\">\r\n            <i class=\"nab-form-popup-close-icon material-symbols-outlined\">close<\/i>\r\n        <\/a>\r\n        <header class=\"nab-form-popup-header\">\r\n            <h3 class=\"nab-form-popup-header-title is-large\">\r\n                Kontakta oss            <\/h3>\r\n            <p class=\"nab-form-popup-header-text is-lead\">\r\n                H\u00f6r av er s\u00e5 ber\u00e4ttar vi mer om v\u00e5rt ERP!            <\/p>\r\n        <\/header>\r\n\r\n        <div class=\"nab-form-popup-form-wrapper\">\r\n            <form\r\n                action=\"\/wp-json\/nab\/v1\/mail\"\r\n                class=\"nab-form-popup-form nab-form-area\"\r\n                id=\"nab-form-area\"\r\n                data-type=\"info\"\r\n            >\r\n                <div class=\"nab-form-area-item is-botcheck\">\r\n                    <input type=\"tel\" class=\"nab-form-area-input is-botcheck\">\r\n                <\/div>\r\n\r\n                <div class=\"nab-form-area-item is-50\">\r\n                    <label for=\"nab-form-first-name\" class=\"nab-form-area-label\">\r\n                        F\u00f6rnamn*  \r\n                    <\/label>\r\n                    <input type=\"text\" class=\"nab-form-area-input is-required\" id=\"nab-form-first-name\">\r\n                    <p class=\"nab-form-area-error\">\r\n                        Var v\u00e4nlig och fyll i ditt f\u00f6rnamn.                    <\/p>\r\n                <\/div>\r\n                \r\n                <div class=\"nab-form-area-item is-50\">\r\n                    <label for=\"nab-form-last-name\" class=\"nab-form-area-label\">\r\n                        Efternamn*                    <\/label>\r\n                    <input type=\"text\" class=\"nab-form-area-input is-required\" id=\"nab-form-last-name\">\r\n                    <p class=\"nab-form-area-error\">\r\n                        Var v\u00e4nlig och fyll i ditt efternamn.                    <\/p>\r\n                <\/div>\r\n                \r\n                <div class=\"nab-form-area-item\">\r\n                    <label for=\"nab-form-company\" class=\"nab-form-area-label\">\r\n                        F\u00f6retag                    <\/label>\r\n                    <input type=\"text\" class=\"nab-form-area-input\" id=\"nab-form-company\">\r\n                <\/div>\r\n\r\n                <div class=\"nab-form-area-item is-50\">\r\n                    <label for=\"nab-form-email\" class=\"nab-form-area-label\">\r\n                        E-post*                    <\/label>\r\n                    <input type=\"email\" class=\"nab-form-area-input is-required\" id=\"nab-form-email\">\r\n                    <p class=\"nab-form-area-error\">\r\n                        Var v\u00e4nlig och fyll i din e-post.                    <\/p>\r\n                <\/div>\r\n                \r\n                <div class=\"nab-form-area-item is-50\">\r\n                    <label for=\"nab-form-phone\" class=\"nab-form-area-label\">\r\n                        Telefon*                    <\/label>\r\n                    <input type=\"tel\" class=\"nab-form-area-input is-required\" id=\"nab-form-phone\">\r\n                    <p class=\"nab-form-area-error\">\r\n                        Var v\u00e4nlig och fyll i ditt telefonnummer.                    <\/p>\r\n                <\/div>\r\n\r\n                <div class=\"nab-form-area-item\">\r\n                    <label for=\"nab-form-message\" class=\"nab-form-area-label is-message\">\r\n                        Meddelande                    <\/label>\r\n                    <textarea name=\"\" id=\"nab-form-message\" class=\"nab-form-area-input nab-form-area-textarea\"><\/textarea>\r\n                <\/div>\r\n\r\n                <div class=\"nab-form-area-item\">\r\n                    <button class=\"nab-form-area-submit nab-button is-primary is-full\">\r\n                        Skicka                    <\/button>\r\n                    <img decoding=\"async\" src=\"https:\/\/nabsolutions.com\/se\/wp-content\/themes\/nab-solutions-public\/assets\/static\/images\/oval.svg\" alt=\"\" class=\"nab-form-area-submit-icon\">\r\n                <\/div>\r\n\r\n                <p class=\"nab-form-area-integritypolicy is-small\">\r\n                    Genom att kontakta NAB kommer dina personuppgifter behandlas enligt NAB:s <a href=\"\/se\/om-nab-solutions\/integritetspolicy\">integritetspolicy<\/a>.                <\/p>\r\n\r\n                            <\/form>\r\n        <\/div>\r\n    <\/div>\r\n<\/section>","protected":false},"excerpt":{"rendered":"<p>\u2013 Det som jag tyckt varit roligt \u00e4nda sen jag b\u00f6rjade p\u00e5 NAB \u00e4r att vi jobbar i en bransch som st\u00e4ndigt v\u00e4xer och utvecklas, s\u00e4ger Nina.<\/p>\n","protected":false},"author":4,"featured_media":945,"comment_status":"closed","ping_status":"closed","sticky":false,"template":"","format":"standard","meta":{"_acf_changed":false,"inline_featured_image":false,"footnotes":""},"categories":[41],"tags":[],"post_folder":[58],"class_list":["post-944","post","type-post","status-publish","format-standard","has-post-thumbnail","hentry","category-vi-pa-nab"],"acf":[],"yoast_head":"<!-- This site is optimized with the Yoast SEO plugin v27.5 - https:\/\/yoast.com\/product\/yoast-seo-wordpress\/ -->\n<title>M\u00f6t Nina Tillstr\u00f6m som jobbar i Business Central varje dag!<\/title>\n<meta name=\"description\" content=\"L\u00e4r k\u00e4nna Nina Jonasson, v\u00e5r Administrative Coordinator. Uppt\u00e4ck hur Microsoft Business Centra g\u00f6r skillnad i vardagen p\u00e5 NAB Solutions\" \/>\n<meta name=\"robots\" content=\"index, follow, max-snippet:-1, max-image-preview:large, max-video-preview:-1\" \/>\n<link rel=\"canonical\" href=\"https:\/\/nabsolutions.com\/se\/vi-pa-nab\/mot-nina-tillstrom-administrative-coordinator\/\" \/>\n<meta property=\"og:locale\" content=\"sv_SE\" \/>\n<meta property=\"og:type\" content=\"article\" \/>\n<meta property=\"og:title\" content=\"M\u00f6t Nina Tillstr\u00f6m som jobbar i Business Central varje dag!\" \/>\n<meta property=\"og:description\" content=\"L\u00e4r k\u00e4nna Nina Jonasson, v\u00e5r Administrative Coordinator. Uppt\u00e4ck hur Microsoft Business Centra g\u00f6r skillnad i vardagen p\u00e5 NAB Solutions\" \/>\n<meta property=\"og:url\" content=\"https:\/\/nabsolutions.com\/se\/vi-pa-nab\/mot-nina-tillstrom-administrative-coordinator\/\" \/>\n<meta property=\"og:site_name\" content=\"NAB SVERIGE\" \/>\n<meta property=\"article:published_time\" content=\"2021-11-29T12:13:00+00:00\" \/>\n<meta property=\"article:modified_time\" content=\"2025-11-10T12:30:49+00:00\" \/>\n<meta property=\"og:image\" content=\"https:\/\/nabsolutions.com\/se\/wp-content\/uploads\/sites\/2\/2025\/11\/nina-business-central-microsoft.webp\" \/>\n\t<meta property=\"og:image:width\" content=\"1920\" \/>\n\t<meta property=\"og:image:height\" content=\"1080\" \/>\n\t<meta property=\"og:image:type\" content=\"image\/webp\" \/>\n<meta name=\"author\" content=\"andreas\" \/>\n<meta name=\"twitter:card\" content=\"summary_large_image\" \/>\n<meta name=\"twitter:label1\" content=\"Skriven av\" \/>\n\t<meta name=\"twitter:data1\" content=\"andreas\" \/>\n\t<meta name=\"twitter:label2\" content=\"Ber\u00e4knad l\u00e4stid\" \/>\n\t<meta name=\"twitter:data2\" content=\"1 minut\" \/>\n<script type=\"application\/ld+json\" class=\"yoast-schema-graph\">{\"@context\":\"https:\\\/\\\/schema.org\",\"@graph\":[{\"@type\":\"Article\",\"@id\":\"https:\\\/\\\/nabsolutions.com\\\/se\\\/vi-pa-nab\\\/mot-nina-tillstrom-administrative-coordinator\\\/#article\",\"isPartOf\":{\"@id\":\"https:\\\/\\\/nabsolutions.com\\\/se\\\/vi-pa-nab\\\/mot-nina-tillstrom-administrative-coordinator\\\/\"},\"author\":{\"name\":\"andreas\",\"@id\":\"https:\\\/\\\/nabsolutions.com\\\/se\\\/#\\\/schema\\\/person\\\/d25f5dcfab88442b91fef1180c8edc84\"},\"headline\":\"M\u00f6t Nina Tillstr\u00f6m \u2013 Administrative Coordinator!\",\"datePublished\":\"2021-11-29T12:13:00+00:00\",\"dateModified\":\"2025-11-10T12:30:49+00:00\",\"mainEntityOfPage\":{\"@id\":\"https:\\\/\\\/nabsolutions.com\\\/se\\\/vi-pa-nab\\\/mot-nina-tillstrom-administrative-coordinator\\\/\"},\"wordCount\":7,\"publisher\":{\"@id\":\"https:\\\/\\\/nabsolutions.com\\\/se\\\/#organization\"},\"image\":{\"@id\":\"https:\\\/\\\/nabsolutions.com\\\/se\\\/vi-pa-nab\\\/mot-nina-tillstrom-administrative-coordinator\\\/#primaryimage\"},\"thumbnailUrl\":\"https:\\\/\\\/nabsolutions.com\\\/se\\\/wp-content\\\/uploads\\\/sites\\\/2\\\/2025\\\/11\\\/nina-business-central-microsoft.webp\",\"articleSection\":[\"Vi p\u00e5 nab\"],\"inLanguage\":\"sv-SE\"},{\"@type\":\"WebPage\",\"@id\":\"https:\\\/\\\/nabsolutions.com\\\/se\\\/vi-pa-nab\\\/mot-nina-tillstrom-administrative-coordinator\\\/\",\"url\":\"https:\\\/\\\/nabsolutions.com\\\/se\\\/vi-pa-nab\\\/mot-nina-tillstrom-administrative-coordinator\\\/\",\"name\":\"M\u00f6t Nina Tillstr\u00f6m som jobbar i Business Central varje dag!\",\"isPartOf\":{\"@id\":\"https:\\\/\\\/nabsolutions.com\\\/se\\\/#website\"},\"primaryImageOfPage\":{\"@id\":\"https:\\\/\\\/nabsolutions.com\\\/se\\\/vi-pa-nab\\\/mot-nina-tillstrom-administrative-coordinator\\\/#primaryimage\"},\"image\":{\"@id\":\"https:\\\/\\\/nabsolutions.com\\\/se\\\/vi-pa-nab\\\/mot-nina-tillstrom-administrative-coordinator\\\/#primaryimage\"},\"thumbnailUrl\":\"https:\\\/\\\/nabsolutions.com\\\/se\\\/wp-content\\\/uploads\\\/sites\\\/2\\\/2025\\\/11\\\/nina-business-central-microsoft.webp\",\"datePublished\":\"2021-11-29T12:13:00+00:00\",\"dateModified\":\"2025-11-10T12:30:49+00:00\",\"description\":\"L\u00e4r k\u00e4nna Nina Jonasson, v\u00e5r Administrative Coordinator. Uppt\u00e4ck hur Microsoft Business Centra g\u00f6r skillnad i vardagen p\u00e5 NAB Solutions\",\"breadcrumb\":{\"@id\":\"https:\\\/\\\/nabsolutions.com\\\/se\\\/vi-pa-nab\\\/mot-nina-tillstrom-administrative-coordinator\\\/#breadcrumb\"},\"inLanguage\":\"sv-SE\",\"potentialAction\":[{\"@type\":\"ReadAction\",\"target\":[\"https:\\\/\\\/nabsolutions.com\\\/se\\\/vi-pa-nab\\\/mot-nina-tillstrom-administrative-coordinator\\\/\"]}]},{\"@type\":\"ImageObject\",\"inLanguage\":\"sv-SE\",\"@id\":\"https:\\\/\\\/nabsolutions.com\\\/se\\\/vi-pa-nab\\\/mot-nina-tillstrom-administrative-coordinator\\\/#primaryimage\",\"url\":\"https:\\\/\\\/nabsolutions.com\\\/se\\\/wp-content\\\/uploads\\\/sites\\\/2\\\/2025\\\/11\\\/nina-business-central-microsoft.webp\",\"contentUrl\":\"https:\\\/\\\/nabsolutions.com\\\/se\\\/wp-content\\\/uploads\\\/sites\\\/2\\\/2025\\\/11\\\/nina-business-central-microsoft.webp\",\"width\":1920,\"height\":1080,\"caption\":\"Nina Tillstr\u00f6m NAB Solutions\"},{\"@type\":\"BreadcrumbList\",\"@id\":\"https:\\\/\\\/nabsolutions.com\\\/se\\\/vi-pa-nab\\\/mot-nina-tillstrom-administrative-coordinator\\\/#breadcrumb\",\"itemListElement\":[{\"@type\":\"ListItem\",\"position\":1,\"name\":\"Home\",\"item\":\"https:\\\/\\\/nabsolutions.com\\\/se\\\/\"},{\"@type\":\"ListItem\",\"position\":2,\"name\":\"M\u00f6t Nina Tillstr\u00f6m \u2013 Administrative Coordinator!\"}]},{\"@type\":\"WebSite\",\"@id\":\"https:\\\/\\\/nabsolutions.com\\\/se\\\/#website\",\"url\":\"https:\\\/\\\/nabsolutions.com\\\/se\\\/\",\"name\":\"NAB Solutions AB\",\"description\":\"\",\"publisher\":{\"@id\":\"https:\\\/\\\/nabsolutions.com\\\/se\\\/#organization\"},\"alternateName\":\"NAB\",\"potentialAction\":[{\"@type\":\"SearchAction\",\"target\":{\"@type\":\"EntryPoint\",\"urlTemplate\":\"https:\\\/\\\/nabsolutions.com\\\/se\\\/?s={search_term_string}\"},\"query-input\":{\"@type\":\"PropertyValueSpecification\",\"valueRequired\":true,\"valueName\":\"search_term_string\"}}],\"inLanguage\":\"sv-SE\"},{\"@type\":\"Organization\",\"@id\":\"https:\\\/\\\/nabsolutions.com\\\/se\\\/#organization\",\"name\":\"NAB Solutions\",\"alternateName\":\"NAB\",\"url\":\"https:\\\/\\\/nabsolutions.com\\\/se\\\/\",\"logo\":{\"@type\":\"ImageObject\",\"inLanguage\":\"sv-SE\",\"@id\":\"https:\\\/\\\/nabsolutions.com\\\/se\\\/#\\\/schema\\\/logo\\\/image\\\/\",\"url\":\"https:\\\/\\\/nabsolutions.com\\\/se\\\/wp-content\\\/uploads\\\/sites\\\/2\\\/2025\\\/10\\\/nab-logo.svg\",\"contentUrl\":\"https:\\\/\\\/nabsolutions.com\\\/se\\\/wp-content\\\/uploads\\\/sites\\\/2\\\/2025\\\/10\\\/nab-logo.svg\",\"width\":191,\"height\":53,\"caption\":\"NAB Solutions\"},\"image\":{\"@id\":\"https:\\\/\\\/nabsolutions.com\\\/se\\\/#\\\/schema\\\/logo\\\/image\\\/\"}},{\"@type\":\"Person\",\"@id\":\"https:\\\/\\\/nabsolutions.com\\\/se\\\/#\\\/schema\\\/person\\\/d25f5dcfab88442b91fef1180c8edc84\",\"name\":\"andreas\",\"image\":{\"@type\":\"ImageObject\",\"inLanguage\":\"sv-SE\",\"@id\":\"https:\\\/\\\/secure.gravatar.com\\\/avatar\\\/a52f9e43ea8b411eea5e276fc03e27ca8f120530dafb44f83f9686227ff0be2d?s=96&d=mm&r=g\",\"url\":\"https:\\\/\\\/secure.gravatar.com\\\/avatar\\\/a52f9e43ea8b411eea5e276fc03e27ca8f120530dafb44f83f9686227ff0be2d?s=96&d=mm&r=g\",\"contentUrl\":\"https:\\\/\\\/secure.gravatar.com\\\/avatar\\\/a52f9e43ea8b411eea5e276fc03e27ca8f120530dafb44f83f9686227ff0be2d?s=96&d=mm&r=g\",\"caption\":\"andreas\"},\"url\":\"https:\\\/\\\/nabsolutions.com\\\/se\\\/author\\\/andreas\\\/\"}]}<\/script>\n<!-- \/ Yoast SEO plugin. -->","yoast_head_json":{"title":"M\u00f6t Nina Tillstr\u00f6m som jobbar i Business Central varje dag!","description":"L\u00e4r k\u00e4nna Nina Jonasson, v\u00e5r Administrative Coordinator. Uppt\u00e4ck hur Microsoft Business Centra g\u00f6r skillnad i vardagen p\u00e5 NAB Solutions","robots":{"index":"index","follow":"follow","max-snippet":"max-snippet:-1","max-image-preview":"max-image-preview:large","max-video-preview":"max-video-preview:-1"},"canonical":"https:\/\/nabsolutions.com\/se\/vi-pa-nab\/mot-nina-tillstrom-administrative-coordinator\/","og_locale":"sv_SE","og_type":"article","og_title":"M\u00f6t Nina Tillstr\u00f6m som jobbar i Business Central varje dag!","og_description":"L\u00e4r k\u00e4nna Nina Jonasson, v\u00e5r Administrative Coordinator. Uppt\u00e4ck hur Microsoft Business Centra g\u00f6r skillnad i vardagen p\u00e5 NAB Solutions","og_url":"https:\/\/nabsolutions.com\/se\/vi-pa-nab\/mot-nina-tillstrom-administrative-coordinator\/","og_site_name":"NAB SVERIGE","article_published_time":"2021-11-29T12:13:00+00:00","article_modified_time":"2025-11-10T12:30:49+00:00","og_image":[{"width":1920,"height":1080,"url":"https:\/\/nabsolutions.com\/se\/wp-content\/uploads\/sites\/2\/2025\/11\/nina-business-central-microsoft.webp","type":"image\/webp"}],"author":"andreas","twitter_card":"summary_large_image","twitter_misc":{"Skriven av":"andreas","Ber\u00e4knad l\u00e4stid":"1 minut"},"schema":{"@context":"https:\/\/schema.org","@graph":[{"@type":"Article","@id":"https:\/\/nabsolutions.com\/se\/vi-pa-nab\/mot-nina-tillstrom-administrative-coordinator\/#article","isPartOf":{"@id":"https:\/\/nabsolutions.com\/se\/vi-pa-nab\/mot-nina-tillstrom-administrative-coordinator\/"},"author":{"name":"andreas","@id":"https:\/\/nabsolutions.com\/se\/#\/schema\/person\/d25f5dcfab88442b91fef1180c8edc84"},"headline":"M\u00f6t Nina Tillstr\u00f6m \u2013 Administrative Coordinator!","datePublished":"2021-11-29T12:13:00+00:00","dateModified":"2025-11-10T12:30:49+00:00","mainEntityOfPage":{"@id":"https:\/\/nabsolutions.com\/se\/vi-pa-nab\/mot-nina-tillstrom-administrative-coordinator\/"},"wordCount":7,"publisher":{"@id":"https:\/\/nabsolutions.com\/se\/#organization"},"image":{"@id":"https:\/\/nabsolutions.com\/se\/vi-pa-nab\/mot-nina-tillstrom-administrative-coordinator\/#primaryimage"},"thumbnailUrl":"https:\/\/nabsolutions.com\/se\/wp-content\/uploads\/sites\/2\/2025\/11\/nina-business-central-microsoft.webp","articleSection":["Vi p\u00e5 nab"],"inLanguage":"sv-SE"},{"@type":"WebPage","@id":"https:\/\/nabsolutions.com\/se\/vi-pa-nab\/mot-nina-tillstrom-administrative-coordinator\/","url":"https:\/\/nabsolutions.com\/se\/vi-pa-nab\/mot-nina-tillstrom-administrative-coordinator\/","name":"M\u00f6t Nina Tillstr\u00f6m som jobbar i Business Central varje dag!","isPartOf":{"@id":"https:\/\/nabsolutions.com\/se\/#website"},"primaryImageOfPage":{"@id":"https:\/\/nabsolutions.com\/se\/vi-pa-nab\/mot-nina-tillstrom-administrative-coordinator\/#primaryimage"},"image":{"@id":"https:\/\/nabsolutions.com\/se\/vi-pa-nab\/mot-nina-tillstrom-administrative-coordinator\/#primaryimage"},"thumbnailUrl":"https:\/\/nabsolutions.com\/se\/wp-content\/uploads\/sites\/2\/2025\/11\/nina-business-central-microsoft.webp","datePublished":"2021-11-29T12:13:00+00:00","dateModified":"2025-11-10T12:30:49+00:00","description":"L\u00e4r k\u00e4nna Nina Jonasson, v\u00e5r Administrative Coordinator. Uppt\u00e4ck hur Microsoft Business Centra g\u00f6r skillnad i vardagen p\u00e5 NAB Solutions","breadcrumb":{"@id":"https:\/\/nabsolutions.com\/se\/vi-pa-nab\/mot-nina-tillstrom-administrative-coordinator\/#breadcrumb"},"inLanguage":"sv-SE","potentialAction":[{"@type":"ReadAction","target":["https:\/\/nabsolutions.com\/se\/vi-pa-nab\/mot-nina-tillstrom-administrative-coordinator\/"]}]},{"@type":"ImageObject","inLanguage":"sv-SE","@id":"https:\/\/nabsolutions.com\/se\/vi-pa-nab\/mot-nina-tillstrom-administrative-coordinator\/#primaryimage","url":"https:\/\/nabsolutions.com\/se\/wp-content\/uploads\/sites\/2\/2025\/11\/nina-business-central-microsoft.webp","contentUrl":"https:\/\/nabsolutions.com\/se\/wp-content\/uploads\/sites\/2\/2025\/11\/nina-business-central-microsoft.webp","width":1920,"height":1080,"caption":"Nina Tillstr\u00f6m NAB Solutions"},{"@type":"BreadcrumbList","@id":"https:\/\/nabsolutions.com\/se\/vi-pa-nab\/mot-nina-tillstrom-administrative-coordinator\/#breadcrumb","itemListElement":[{"@type":"ListItem","position":1,"name":"Home","item":"https:\/\/nabsolutions.com\/se\/"},{"@type":"ListItem","position":2,"name":"M\u00f6t Nina Tillstr\u00f6m \u2013 Administrative Coordinator!"}]},{"@type":"WebSite","@id":"https:\/\/nabsolutions.com\/se\/#website","url":"https:\/\/nabsolutions.com\/se\/","name":"NAB Solutions AB","description":"","publisher":{"@id":"https:\/\/nabsolutions.com\/se\/#organization"},"alternateName":"NAB","potentialAction":[{"@type":"SearchAction","target":{"@type":"EntryPoint","urlTemplate":"https:\/\/nabsolutions.com\/se\/?s={search_term_string}"},"query-input":{"@type":"PropertyValueSpecification","valueRequired":true,"valueName":"search_term_string"}}],"inLanguage":"sv-SE"},{"@type":"Organization","@id":"https:\/\/nabsolutions.com\/se\/#organization","name":"NAB Solutions","alternateName":"NAB","url":"https:\/\/nabsolutions.com\/se\/","logo":{"@type":"ImageObject","inLanguage":"sv-SE","@id":"https:\/\/nabsolutions.com\/se\/#\/schema\/logo\/image\/","url":"https:\/\/nabsolutions.com\/se\/wp-content\/uploads\/sites\/2\/2025\/10\/nab-logo.svg","contentUrl":"https:\/\/nabsolutions.com\/se\/wp-content\/uploads\/sites\/2\/2025\/10\/nab-logo.svg","width":191,"height":53,"caption":"NAB Solutions"},"image":{"@id":"https:\/\/nabsolutions.com\/se\/#\/schema\/logo\/image\/"}},{"@type":"Person","@id":"https:\/\/nabsolutions.com\/se\/#\/schema\/person\/d25f5dcfab88442b91fef1180c8edc84","name":"andreas","image":{"@type":"ImageObject","inLanguage":"sv-SE","@id":"https:\/\/secure.gravatar.com\/avatar\/a52f9e43ea8b411eea5e276fc03e27ca8f120530dafb44f83f9686227ff0be2d?s=96&d=mm&r=g","url":"https:\/\/secure.gravatar.com\/avatar\/a52f9e43ea8b411eea5e276fc03e27ca8f120530dafb44f83f9686227ff0be2d?s=96&d=mm&r=g","contentUrl":"https:\/\/secure.gravatar.com\/avatar\/a52f9e43ea8b411eea5e276fc03e27ca8f120530dafb44f83f9686227ff0be2d?s=96&d=mm&r=g","caption":"andreas"},"url":"https:\/\/nabsolutions.com\/se\/author\/andreas\/"}]}},"_links":{"self":[{"href":"https:\/\/nabsolutions.com\/se\/wp-json\/wp\/v2\/posts\/944","targetHints":{"allow":["GET"]}}],"collection":[{"href":"https:\/\/nabsolutions.com\/se\/wp-json\/wp\/v2\/posts"}],"about":[{"href":"https:\/\/nabsolutions.com\/se\/wp-json\/wp\/v2\/types\/post"}],"author":[{"embeddable":true,"href":"https:\/\/nabsolutions.com\/se\/wp-json\/wp\/v2\/users\/4"}],"replies":[{"embeddable":true,"href":"https:\/\/nabsolutions.com\/se\/wp-json\/wp\/v2\/comments?post=944"}],"version-history":[{"count":4,"href":"https:\/\/nabsolutions.com\/se\/wp-json\/wp\/v2\/posts\/944\/revisions"}],"predecessor-version":[{"id":956,"href":"https:\/\/nabsolutions.com\/se\/wp-json\/wp\/v2\/posts\/944\/revisions\/956"}],"wp:featuredmedia":[{"embeddable":true,"href":"https:\/\/nabsolutions.com\/se\/wp-json\/wp\/v2\/media\/945"}],"wp:attachment":[{"href":"https:\/\/nabsolutions.com\/se\/wp-json\/wp\/v2\/media?parent=944"}],"wp:term":[{"taxonomy":"category","embeddable":true,"href":"https:\/\/nabsolutions.com\/se\/wp-json\/wp\/v2\/categories?post=944"},{"taxonomy":"post_tag","embeddable":true,"href":"https:\/\/nabsolutions.com\/se\/wp-json\/wp\/v2\/tags?post=944"},{"taxonomy":"post_folder","embeddable":true,"href":"https:\/\/nabsolutions.com\/se\/wp-json\/wp\/v2\/post_folder?post=944"}],"curies":[{"name":"wp","href":"https:\/\/api.w.org\/{rel}","templated":true}]}}