{"id":966,"date":"2018-06-14T15:27:00","date_gmt":"2018-06-14T13:27:00","guid":{"rendered":"https:\/\/nabsolutions.com\/se\/?p=966"},"modified":"2026-03-30T08:36:45","modified_gmt":"2026-03-30T06:36:45","slug":"vem-har-koll-pa-gdpr-och-foretagsmobilerna","status":"publish","type":"post","link":"https:\/\/nabsolutions.com\/se\/jobba-smartare\/vem-har-koll-pa-gdpr-och-foretagsmobilerna\/","title":{"rendered":"Vem har koll p\u00e5 GDPR och f\u00f6retagsmobilerna?"},"content":{"rendered":"\r\n<section class=\"nab-news-hero\">\r\n    <div class=\"nab-news-hero-inner\">\r\n        <header class=\"nab-news-hero-header\">\r\n            <p class=\"nab-news-hero-header-date is-ingress\">\r\n                14 juni 2018            <\/p>\r\n\r\n            <h1 class=\"nab-news-hero-header-title is-h2\">\r\n                Vem har koll p\u00e5 GDPR och f\u00f6retagsmobilerna?            <\/h1>\r\n\r\n                                                <!-- <a href=\"\" class=\"nab-news-hero-header-button nab-button is-primary is-grey is-chips\">\r\n                                            <\/a> -->\r\n\r\n                    <p class=\"nab-news-hero-header-button-no-button\">\r\n                        Jobba smartare                    <\/p>\r\n                                    <\/header>\r\n\r\n        <div class=\"nab-news-hero-image\">\r\n            <img decoding=\"async\" \r\n                data-src=\"https:\/\/nabsolutions.com\/se\/wp-content\/uploads\/sites\/2\/2025\/11\/gdpr-foretagsmobiler.webp\"\r\n                alt=\"Vem har koll p\u00e5 GDPR och f\u00f6retagsmobilerna?\"\r\n                class=\"nab-news-hero-image-figure lazyload\"\r\n             src=\"data:image\/svg+xml;base64,PHN2ZyB3aWR0aD0iMSIgaGVpZ2h0PSIxIiB4bWxucz0iaHR0cDovL3d3dy53My5vcmcvMjAwMC9zdmciPjwvc3ZnPg==\" style=\"--smush-placeholder-width: 2550px; --smush-placeholder-aspect-ratio: 2550\/1440;\">\r\n        <\/div>\r\n\r\n        <header class=\"nab-news-hero-excerpt\">\r\n            <p class=\"nab-news-hero-excerpt-text is-ingress\">\r\n                I och med GDPR s\u00e5 har de flesta f\u00f6retag f\u00e5tt t\u00e4nka till. Tighta sina policys f\u00f6r att skydda personuppgifter i sina interna system och i sin IT-milj\u00f6. Fokus har f\u00f6rmodligen legat p\u00e5 datorer, system, h\u00e5rddiskar och servrar och d\u00e4rf\u00f6r inte p\u00e5 telefoner eller andra mobila enheter, d\u00e4rav kan fr\u00e5gan om f\u00f6retagsmobilerna ha hamnat i skymundan.            <\/p>\r\n        <\/header>\r\n\r\n        <div class=\"nab-news-hero-content\">\r\n            <div class=\"nab-news-hero-content-inner\">\r\n                <h4 class=\"nab-news-hero-content-title is-bold is-grey\">\r\n                    Inneh\u00e5ll                <\/h4>\r\n\r\n                <ol class=\"nab-news-hero-content-list\">\r\n                                    <\/ol>\r\n            <\/div>\r\n        <\/div>\r\n\r\n    <\/div>\r\n<\/section>\n\n\r\n\r\n    <section class=\"nab-article has-offset  \" id=\"\">\r\n        <div class=\"nab-article-inner \">\r\n            <p>I och med GDPR s\u00e5 har de flesta f\u00f6retag f\u00e5tt t\u00e4nka till. Tighta sina policys f\u00f6r att skydda personuppgifter i sina interna system och i sin IT-milj\u00f6. Fokus har f\u00f6rmodligen legat p\u00e5 datorer, system, h\u00e5rddiskar och servrar och d\u00e4rf\u00f6r inte p\u00e5 telefoner eller andra mobila enheter, d\u00e4rav kan fr\u00e5gan om f\u00f6retagsmobilerna ha hamnat i skymundan.<\/p>\n<p>F\u00f6r ett par \u00e5r sedan diskuterades problemet att medarbetarna skulle ta med sina egna mobila enheter till jobbet f\u00f6r att koppla upp mot f\u00f6retagets n\u00e4tverk. Fr\u00e5gan alla IT-avdelningar d\u00e5 v\u00e5ndades f\u00f6r var hur de skulle kontrollera anv\u00e4ndningen p\u00e5 f\u00f6retagets n\u00e4tverk? Men det blev snarare tv\u00e4rtom. M\u00e5nga arbetsgivare har varit frikostiga med att ge sina anst\u00e4llda mobila enheter som de kan bruka fritt. Det rimmar med hela Modern Workplace-konceptet. Att kunna arbeta fr\u00e5n olika platser och komma \u00e5t alla sina arbetsverktyg n\u00e4r du \u00e4r p\u00e5 resa eller jobbar hemifr\u00e5n. Fr\u00e5gan \u00e4r om det g\u00f6r att gr\u00e4nsen mellan ditt privata och arbetsrelaterade anv\u00e4ndande suddas ut? Och spelar det n\u00e5gon roll? Ja, det kan det g\u00f6ra.<\/p>\n<h3>Balansg\u00e5ngen mellan det privata och arbetsrelaterade<\/h3>\n<p>Det g\u00e4ller att komma ih\u00e5g att enheten du anv\u00e4nder egentligen inte \u00e4r din. I m\u00e5nga fall st\u00e4ller f\u00f6retaget inga krav p\u00e5 s\u00e4kerhetsinst\u00e4llningar eller hantering av data i mobilerna och det kan bli ett problem nu med GDPR. Det h\u00e4r blir en balansg\u00e5ng mellan att styra upp de s\u00e4kerhetskrav som finns samtidigt som arbetsgivaren inte ska inskr\u00e4nka p\u00e5 medarbetarens integritet eller produktivitet.<\/p>\n<p>Utmaningen med mobila enheter \u00e4r att skilja p\u00e5 de privata applikationer som personen oftast har och det arbetsredskap som mobilen \u00e4r. Det har poppat upp en del l\u00f6sningar p\u00e5 marknaden men hur mycket ska du som f\u00f6retag g\u00e5 in och styra? Det kan vi inte svara p\u00e5, det finns det s\u00e4kert andra som kan g\u00f6ra. Men vi kan tipsa om ett p\u00e5 enklare \u00e5tg\u00e4rder.<\/p>\n<p>&nbsp;<\/p>\n        <\/div>\r\n    <\/section>\r\n\n\n\n\n\n    <section class=\"nab-bento has-less-padding-top has-less-padding-bottom\" id=\"\">\n        <div class=\"nab-bento-inner\">\n                            \n                                    <div class=\"nab-bento-items is-bento-one\">\n                                                    <div class=\"nab-bento-item link-box-wrapper is-bento-one\">\n                                <div class=\"nab-bento-item-inner is-dark-green has-overlay  is-flex-end \">\n                                                                            <img decoding=\"async\"\n                                            class=\"nab-bento-item-image-figure has-overlay lazyload\" \n                                            data-src=\"https:\/\/nabsolutions.com\/se\/wp-content\/uploads\/sites\/2\/2025\/11\/gdpr-m365-intune.webp\" \n                                            alt=\"GDPR intune m365\"\n                                         src=\"data:image\/svg+xml;base64,PHN2ZyB3aWR0aD0iMSIgaGVpZ2h0PSIxIiB4bWxucz0iaHR0cDovL3d3dy53My5vcmcvMjAwMC9zdmciPjwvc3ZnPg==\" style=\"--smush-placeholder-width: 2550px; --smush-placeholder-aspect-ratio: 2550\/1440;\">\n                                                                        \n                                    \n                                    <header class=\"nab-bento-item-header \">\n                                                                                    <p class=\"nab-bento-item-header-subtitle is-uppercase\">\n                                                Microsoft 365                                            <\/p>\n                                            <h3 class=\"nab-bento-item-header-title  \">\n                                                H\u00e5ll koll p\u00e5 f\u00f6retagets enheter med Microsoft Intune som \u00e4r en del av Microsoft 365 Business Premium                                            <\/h3>\n                                        \n                                                                                    <a \n                                                href=\"https:\/\/nabsolutions.com\/se\/upptack-microsoft-365-modern-work\/\" \n                                                class=\"nab-bento-item-header-button nab-button is-primary \"\n                                                aria-label=\"Uppt\u00e4ck M365\"\n                                            >\n                                                <span class=\"nab-link-box\"><\/span>\n                                                                                                    <span class=\"nab-bento-item-header-button-text\">\n                                                        Uppt\u00e4ck M365                                                    <\/span>\n                                                    <i class=\"nab-bento-item-header-title-icon material-symbols-outlined is-mobile \" aria-label=\"Arrow right\">arrow_right_alt<\/i>\n                                                                                            <\/a>\n                                                                            <\/header>\n\n                                    \n                                                                    <\/div>\n                            <\/div>\n                                            <\/div>\n                                \n                               \n                                    <\/div>\n    <\/section>\n\n\n\r\n\r\n    <section class=\"nab-article has-offset  \" id=\"\">\r\n        <div class=\"nab-article-inner \">\r\n            <h4>F\u00f6rslag p\u00e5 enklare \u00e5tg\u00e4rder<\/h4>\n<p>Nummer ett \u00e4r att s\u00e4kra upp f\u00f6retagsmobilen och andra mobila enheter med l\u00f6senord och pinkoder. Det g\u00e5r att l\u00e4gga olika l\u00f6senord p\u00e5 ert SIM-kort och p\u00e5 er l\u00e5sta sk\u00e4rm f\u00f6r \u00e4nnu b\u00e4ttre skydd. Kom ih\u00e5g att vara noggrann n\u00e4r en anst\u00e4lld slutar, bl\u00e5s informationen i mobilen s\u00e5 att det inte ligger kvar privat eller arbetsrelaterad information. \u00c4r det en f\u00f6retagsmobil ligger det f\u00f6rmodligen information om kunder i form av kontaktlistor, sms, egna noteringar och annat. Det finns s\u00e4kert ocks\u00e5 privata bilder, minnesanteckningar och annat som tagits i privata sammanhang. Det \u00e4r inte ovanligt att det finns mycket som inte \u00e4r menat f\u00f6r n\u00e5gon annan att ta del av, s\u00e5 ha som rutin att rensa telefonen n\u00e4r medarbetaren slutar.<\/p>\n<p>Skriv in ett avsnitt i IT-Policyn kring era riktlinjer f\u00f6r hur det arbetsrelaterade anv\u00e4ndandet ska fungera och fundera \u00f6ver \u00e5tg\u00e4rder och konsekvenser om n\u00e5got skulle h\u00e4nda. Det \u00e4r viktigt att ha en checklista med \u00e5tg\u00e4rder \u00f6ver vad ni g\u00f6r exempelvis om mobilen skulle tappas bort eller bli stulen.<\/p>\n        <\/div>\r\n    <\/section>\r\n\n\n\n<section class=\"nab-faq   is-article\" id=\"\">\n    <div class=\"nab-faq-inner\">\n                    <header class=\"nab-faq-header\">\n                                    <h3 class=\"nab-faq-header-heading is-grey\">\n                        Fr\u00e5gor och Svar                    <\/h3>\n                            <\/header>\n        \n                    <div class=\"nab-faq-items\">\n                <div class=\"nab-faq-item\">\n                                            <div class=\"nab-faq-item-question\" itemscope itemprop=\"mainEntity\" itemtype=\"https:\/\/schema.org\/Question\">\n                            <div class=\"nab-faq-item-question-content\">\n                                <a href=\"\" class=\"nab-faq-item-question-content-link is-article\">\n                                                                            <p class=\"nab-faq-item-question-content-link-label is-article is-grey is-lead is-bold\" itemprop=\"name\">\n                                            Vad menas med GDPR?                                        <\/p>\n                                        <i class=\"nab-faq-item-question-content-link-icon is-article material-symbols-outlined\" style=\"font-variation-settings: 'FILL' 1;\">arrow_circle_down<\/i>\n                                                                    <\/a>\n\n                                                                    <div class=\"nab-faq-item-question-content-answer is-article\" itemscope itemprop=\"acceptedAnswer\" itemtype=\"https:\/\/schema.org\/Answer\">\n                                        <span itemprop=\"text\">\n                                            <p>GDPR st\u00e5r f\u00f6r <strong>General Data Protection Regulation<\/strong>, p\u00e5 svenska <strong>Dataskyddsf\u00f6rordningen<\/strong>. Det \u00e4r en <strong>EU-f\u00f6rordning<\/strong> som tr\u00e4dde i kraft den <strong>25 maj 2018<\/strong> och g\u00e4ller i hela EU samt EES. Syftet \u00e4r att:<\/p>\n<ul>\n<li><strong>Skydda individers personliga integritet<\/strong>.<\/li>\n<li><strong>Ge m\u00e4nniskor kontroll \u00f6ver sina personuppgifter<\/strong>.<\/li>\n<li><strong>Skapa en enhetlig lagstiftning f\u00f6r dataskydd inom EU<\/strong>.<\/li>\n<\/ul>\n                                        <\/span>\n                                    <\/div>\n                                                            <\/div>\n                        <\/div>\n                                            <div class=\"nab-faq-item-question\" itemscope itemprop=\"mainEntity\" itemtype=\"https:\/\/schema.org\/Question\">\n                            <div class=\"nab-faq-item-question-content\">\n                                <a href=\"\" class=\"nab-faq-item-question-content-link is-article\">\n                                                                            <p class=\"nab-faq-item-question-content-link-label is-article is-grey is-lead is-bold\" itemprop=\"name\">\n                                            Vad \u00e4r Microsoft 365 Business Premium?                                        <\/p>\n                                        <i class=\"nab-faq-item-question-content-link-icon is-article material-symbols-outlined\" style=\"font-variation-settings: 'FILL' 1;\">arrow_circle_down<\/i>\n                                                                    <\/a>\n\n                                                                    <div class=\"nab-faq-item-question-content-answer is-article\" itemscope itemprop=\"acceptedAnswer\" itemtype=\"https:\/\/schema.org\/Answer\">\n                                        <span itemprop=\"text\">\n                                            <p>Microsoft 365 Business Premium \u00e4r en <strong>molnbaserad produktivitets- och s\u00e4kerhetsl\u00f6sning<\/strong> som \u00e4r s\u00e4rskilt utformad f\u00f6r <strong>sm\u00e5 och medelstora f\u00f6retag (upp till 300 anv\u00e4ndare)<\/strong>. Den kombinerar:<\/p>\n<ul>\n<li><strong>Office-appar<\/strong> (Word, Excel, PowerPoint, Outlook, Teams m.fl.).<\/li>\n<li><strong>Avancerad s\u00e4kerhet<\/strong> f\u00f6r att skydda mot cyberhot som n\u00e4tfiske, ransomware och dataf\u00f6rlust.<\/li>\n<li><strong>Enhetshantering<\/strong> via Microsoft Intune f\u00f6r Windows, Mac, iOS och Android.<\/li>\n<li><strong>Samarbetsverktyg<\/strong> som Teams f\u00f6r chatt, m\u00f6ten och filhantering.<\/li>\n<li><strong>Molnlagring<\/strong> med OneDrive (1 TB per anv\u00e4ndare).<\/li>\n<\/ul>\n                                        <\/span>\n                                    <\/div>\n                                                            <\/div>\n                        <\/div>\n                                            <div class=\"nab-faq-item-question\" itemscope itemprop=\"mainEntity\" itemtype=\"https:\/\/schema.org\/Question\">\n                            <div class=\"nab-faq-item-question-content\">\n                                <a href=\"\" class=\"nab-faq-item-question-content-link is-article\">\n                                                                            <p class=\"nab-faq-item-question-content-link-label is-article is-grey is-lead is-bold\" itemprop=\"name\">\n                                            Vad \u00e4r Micrisoft Intune?                                        <\/p>\n                                        <i class=\"nab-faq-item-question-content-link-icon is-article material-symbols-outlined\" style=\"font-variation-settings: 'FILL' 1;\">arrow_circle_down<\/i>\n                                                                    <\/a>\n\n                                                                    <div class=\"nab-faq-item-question-content-answer is-article\" itemscope itemprop=\"acceptedAnswer\" itemtype=\"https:\/\/schema.org\/Answer\">\n                                        <span itemprop=\"text\">\n                                            <p>Microsoft Intune \u00e4r en <strong>molnbaserad plattform f\u00f6r slutpunktshantering (endpoint management)<\/strong> som ing\u00e5r i Microsoft 365-sviten. Den anv\u00e4nds f\u00f6r att:<\/p>\n<ul>\n<li><strong>Hantera enheter och appar<\/strong> \u2013 b\u00e5de f\u00f6retags\u00e4gda och personliga (BYOD).<\/li>\n<li><strong>Skydda f\u00f6retagsdata<\/strong> genom s\u00e4kerhetspolicyer, kryptering och \u00e5tkomstkontroller.<\/li>\n<li><strong>Distribuera och uppdatera applikationer<\/strong> som Microsoft Teams, Outlook och verksamhetsspecifika appar.<\/li>\n<li><strong>Implementera efterlevnadspolicyer<\/strong> och st\u00f6dja en <strong>Zero Trust-s\u00e4kerhetsmodell<\/strong>.<\/li>\n<\/ul>\n                                        <\/span>\n                                    <\/div>\n                                                            <\/div>\n                        <\/div>\n                                            <div class=\"nab-faq-item-question\" itemscope itemprop=\"mainEntity\" itemtype=\"https:\/\/schema.org\/Question\">\n                            <div class=\"nab-faq-item-question-content\">\n                                <a href=\"\" class=\"nab-faq-item-question-content-link is-article\">\n                                                                            <p class=\"nab-faq-item-question-content-link-label is-article is-grey is-lead is-bold\" itemprop=\"name\">\n                                            Kan NAB hj\u00e4lpa mig med GDPR?                                        <\/p>\n                                        <i class=\"nab-faq-item-question-content-link-icon is-article material-symbols-outlined\" style=\"font-variation-settings: 'FILL' 1;\">arrow_circle_down<\/i>\n                                                                    <\/a>\n\n                                                                    <div class=\"nab-faq-item-question-content-answer is-article\" itemscope itemprop=\"acceptedAnswer\" itemtype=\"https:\/\/schema.org\/Answer\">\n                                        <span itemprop=\"text\">\n                                            <p>Vi \u00e4r inga jurister men vi kan s\u00e5klart v\u00e4gleda er hur man kan jobba med GDPR i v\u00e5ra l\u00f6sningar.<\/p>\n                                        <\/span>\n                                    <\/div>\n                                                            <\/div>\n                        <\/div>\n                                    <\/div>\n            <\/div>\n            <\/div>\n<\/section>\n\n\n\n<section class=\"nab-cta-island   \" id=\"\">\n    <div class=\"nab-cta-island-inner\">\n        <header class=\"nab-cta-island-header\">\n                            <h2 class=\"nab-cta-island-header-title \">\n                    Vill du veta mer om hur ert f\u00f6retag kan h\u00e5lla koll p\u00e5 era enheter?                <\/h2>\n                        \n                            <p class=\"nab-cta-island-header-text is-ingress\">\n                    H\u00f6r av dig s\u00e5 f\u00e5r du prata med v\u00e5ra experter som hj\u00e4lper dig hitta r\u00e4tt bland v\u00e5ra l\u00f6sningar!                <\/p>\n                        \n                            <a href=\"\" class=\"nab-cta-island-header-button nab-button is-primary is-info-form-popup\" aria-label=\"Kontakta oss\">\n                    Kontakta oss                <\/a>\n                \n                    <\/header>\n\n    <\/div>\n<\/section>\n\n\r\n<section class=\"nab-form-popup nab-form\">\r\n    <div class=\"nab-form-popup-inner\">\r\n        <a href=\"#\" class=\"nab-form-popup-close\">\r\n            <i class=\"nab-form-popup-close-icon material-symbols-outlined\">close<\/i>\r\n        <\/a>\r\n        <header class=\"nab-form-popup-header\">\r\n            <h3 class=\"nab-form-popup-header-title is-large\">\r\n                Kontakta oss            <\/h3>\r\n            <p class=\"nab-form-popup-header-text is-lead\">\r\n                Vill du veta mer om hur man jobbar med GDPR i v\u00e5ra l\u00f6sningar eller kanske veta mer om Microsoft 365? H\u00f6r av dig!            <\/p>\r\n        <\/header>\r\n\r\n        <div class=\"nab-form-popup-form-wrapper\">\r\n            <form\r\n                action=\"\/wp-json\/nab\/v1\/mail\"\r\n                class=\"nab-form-popup-form nab-form-area\"\r\n                id=\"nab-form-area\"\r\n                data-type=\"info\"\r\n            >\r\n                <div class=\"nab-form-area-item is-botcheck\">\r\n                    <input type=\"tel\" class=\"nab-form-area-input is-botcheck\">\r\n                <\/div>\r\n\r\n                <div class=\"nab-form-area-item is-50\">\r\n                    <label for=\"nab-form-first-name\" class=\"nab-form-area-label\">\r\n                        F\u00f6rnamn*  \r\n                    <\/label>\r\n                    <input type=\"text\" class=\"nab-form-area-input is-required\" id=\"nab-form-first-name\">\r\n                    <p class=\"nab-form-area-error\">\r\n                        Var v\u00e4nlig och fyll i ditt f\u00f6rnamn.                    <\/p>\r\n                <\/div>\r\n                \r\n                <div class=\"nab-form-area-item is-50\">\r\n                    <label for=\"nab-form-last-name\" class=\"nab-form-area-label\">\r\n                        Efternamn*                    <\/label>\r\n                    <input type=\"text\" class=\"nab-form-area-input is-required\" id=\"nab-form-last-name\">\r\n                    <p class=\"nab-form-area-error\">\r\n                        Var v\u00e4nlig och fyll i ditt efternamn.                    <\/p>\r\n                <\/div>\r\n                \r\n                <div class=\"nab-form-area-item\">\r\n                    <label for=\"nab-form-company\" class=\"nab-form-area-label\">\r\n                        F\u00f6retag                    <\/label>\r\n                    <input type=\"text\" class=\"nab-form-area-input\" id=\"nab-form-company\">\r\n                <\/div>\r\n\r\n                <div class=\"nab-form-area-item is-50\">\r\n                    <label for=\"nab-form-email\" class=\"nab-form-area-label\">\r\n                        E-post*                    <\/label>\r\n                    <input type=\"email\" class=\"nab-form-area-input is-required\" id=\"nab-form-email\">\r\n                    <p class=\"nab-form-area-error\">\r\n                        Var v\u00e4nlig och fyll i din e-post.                    <\/p>\r\n                <\/div>\r\n                \r\n                <div class=\"nab-form-area-item is-50\">\r\n                    <label for=\"nab-form-phone\" class=\"nab-form-area-label\">\r\n                        Telefon*                    <\/label>\r\n                    <input type=\"tel\" class=\"nab-form-area-input is-required\" id=\"nab-form-phone\">\r\n                    <p class=\"nab-form-area-error\">\r\n                        Var v\u00e4nlig och fyll i ditt telefonnummer.                    <\/p>\r\n                <\/div>\r\n\r\n                <div class=\"nab-form-area-item\">\r\n                    <label for=\"nab-form-message\" class=\"nab-form-area-label is-message\">\r\n                        Meddelande                    <\/label>\r\n                    <textarea name=\"\" id=\"nab-form-message\" class=\"nab-form-area-input nab-form-area-textarea\"><\/textarea>\r\n                <\/div>\r\n\r\n                <div class=\"nab-form-area-item\">\r\n                    <button class=\"nab-form-area-submit nab-button is-primary is-full\">\r\n                        Skicka                    <\/button>\r\n                    <img decoding=\"async\" src=\"https:\/\/nabsolutions.com\/se\/wp-content\/themes\/nab-solutions-public\/assets\/static\/images\/oval.svg\" alt=\"\" class=\"nab-form-area-submit-icon\">\r\n                <\/div>\r\n\r\n                <p class=\"nab-form-area-integritypolicy is-small\">\r\n                    Genom att kontakta NAB kommer dina personuppgifter behandlas enligt NAB:s <a href=\"\/se\/om-nab-solutions\/integritetspolicy\">integritetspolicy<\/a>.                <\/p>\r\n\r\n                            <\/form>\r\n        <\/div>\r\n    <\/div>\r\n<\/section>","protected":false},"excerpt":{"rendered":"<p>I och med GDPR s\u00e5 har de flesta f\u00f6retag f\u00e5tt t\u00e4nka till. Tighta sina policys f\u00f6r att skydda personuppgifter i sina interna system och i sin IT-milj\u00f6. Fokus har f\u00f6rmodligen legat p\u00e5 datorer, system, h\u00e5rddiskar och servrar och d\u00e4rf\u00f6r inte p\u00e5 telefoner eller andra mobila enheter, d\u00e4rav kan fr\u00e5gan om f\u00f6retagsmobilerna ha hamnat i skymundan.<\/p>\n","protected":false},"author":4,"featured_media":967,"comment_status":"closed","ping_status":"closed","sticky":false,"template":"","format":"standard","meta":{"_acf_changed":false,"inline_featured_image":false,"footnotes":""},"categories":[61],"tags":[],"post_folder":[54,59],"class_list":["post-966","post","type-post","status-publish","format-standard","has-post-thumbnail","hentry","category-jobba-smartare"],"acf":[],"yoast_head":"<!-- This site is optimized with the Yoast SEO plugin v27.5 - https:\/\/yoast.com\/product\/yoast-seo-wordpress\/ -->\n<title>Vem har koll p\u00e5 GDPR och f\u00f6retagsmobilerna? M365<\/title>\n<meta name=\"description\" content=\"Vem har koll p\u00e5 GDPR och f\u00f6retagsmobilerna? M365? Uppt\u00e4ck smarta l\u00f6sningar som skyddar data och f\u00f6renklar hanteringen f\u00f6r ditt f\u00f6retag.\" \/>\n<meta name=\"robots\" content=\"index, follow, max-snippet:-1, max-image-preview:large, max-video-preview:-1\" \/>\n<link rel=\"canonical\" href=\"https:\/\/nabsolutions.com\/se\/jobba-smartare\/vem-har-koll-pa-gdpr-och-foretagsmobilerna\/\" \/>\n<meta property=\"og:locale\" content=\"sv_SE\" \/>\n<meta property=\"og:type\" content=\"article\" \/>\n<meta property=\"og:title\" content=\"Vem har koll p\u00e5 GDPR och f\u00f6retagsmobilerna? M365\" \/>\n<meta property=\"og:description\" content=\"Vem har koll p\u00e5 GDPR och f\u00f6retagsmobilerna? M365? Uppt\u00e4ck smarta l\u00f6sningar som skyddar data och f\u00f6renklar hanteringen f\u00f6r ditt f\u00f6retag.\" \/>\n<meta property=\"og:url\" content=\"https:\/\/nabsolutions.com\/se\/jobba-smartare\/vem-har-koll-pa-gdpr-och-foretagsmobilerna\/\" \/>\n<meta property=\"og:site_name\" content=\"NAB SVERIGE\" \/>\n<meta property=\"article:published_time\" content=\"2018-06-14T13:27:00+00:00\" \/>\n<meta property=\"article:modified_time\" content=\"2026-03-30T06:36:45+00:00\" \/>\n<meta property=\"og:image\" content=\"https:\/\/nabsolutions.com\/se\/wp-content\/uploads\/sites\/2\/2025\/11\/gdpr-foretagsmobiler.webp\" \/>\n\t<meta property=\"og:image:width\" content=\"2550\" \/>\n\t<meta property=\"og:image:height\" content=\"1440\" \/>\n\t<meta property=\"og:image:type\" content=\"image\/webp\" \/>\n<meta name=\"author\" content=\"andreas\" \/>\n<meta name=\"twitter:card\" content=\"summary_large_image\" \/>\n<meta name=\"twitter:label1\" content=\"Skriven av\" \/>\n\t<meta name=\"twitter:data1\" content=\"andreas\" \/>\n\t<meta name=\"twitter:label2\" content=\"Ber\u00e4knad l\u00e4stid\" \/>\n\t<meta name=\"twitter:data2\" content=\"1 minut\" \/>\n<script type=\"application\/ld+json\" class=\"yoast-schema-graph\">{\"@context\":\"https:\\\/\\\/schema.org\",\"@graph\":[{\"@type\":\"Article\",\"@id\":\"https:\\\/\\\/nabsolutions.com\\\/se\\\/jobba-smartare\\\/vem-har-koll-pa-gdpr-och-foretagsmobilerna\\\/#article\",\"isPartOf\":{\"@id\":\"https:\\\/\\\/nabsolutions.com\\\/se\\\/jobba-smartare\\\/vem-har-koll-pa-gdpr-och-foretagsmobilerna\\\/\"},\"author\":{\"name\":\"andreas\",\"@id\":\"https:\\\/\\\/nabsolutions.com\\\/se\\\/#\\\/schema\\\/person\\\/d25f5dcfab88442b91fef1180c8edc84\"},\"headline\":\"Vem har koll p\u00e5 GDPR och f\u00f6retagsmobilerna?\",\"datePublished\":\"2018-06-14T13:27:00+00:00\",\"dateModified\":\"2026-03-30T06:36:45+00:00\",\"mainEntityOfPage\":{\"@id\":\"https:\\\/\\\/nabsolutions.com\\\/se\\\/jobba-smartare\\\/vem-har-koll-pa-gdpr-och-foretagsmobilerna\\\/\"},\"wordCount\":8,\"publisher\":{\"@id\":\"https:\\\/\\\/nabsolutions.com\\\/se\\\/#organization\"},\"image\":{\"@id\":\"https:\\\/\\\/nabsolutions.com\\\/se\\\/jobba-smartare\\\/vem-har-koll-pa-gdpr-och-foretagsmobilerna\\\/#primaryimage\"},\"thumbnailUrl\":\"https:\\\/\\\/nabsolutions.com\\\/se\\\/wp-content\\\/uploads\\\/sites\\\/2\\\/2025\\\/11\\\/gdpr-foretagsmobiler.webp\",\"articleSection\":[\"Jobba smartare\"],\"inLanguage\":\"sv-SE\"},{\"@type\":\"WebPage\",\"@id\":\"https:\\\/\\\/nabsolutions.com\\\/se\\\/jobba-smartare\\\/vem-har-koll-pa-gdpr-och-foretagsmobilerna\\\/\",\"url\":\"https:\\\/\\\/nabsolutions.com\\\/se\\\/jobba-smartare\\\/vem-har-koll-pa-gdpr-och-foretagsmobilerna\\\/\",\"name\":\"Vem har koll p\u00e5 GDPR och f\u00f6retagsmobilerna? M365\",\"isPartOf\":{\"@id\":\"https:\\\/\\\/nabsolutions.com\\\/se\\\/#website\"},\"primaryImageOfPage\":{\"@id\":\"https:\\\/\\\/nabsolutions.com\\\/se\\\/jobba-smartare\\\/vem-har-koll-pa-gdpr-och-foretagsmobilerna\\\/#primaryimage\"},\"image\":{\"@id\":\"https:\\\/\\\/nabsolutions.com\\\/se\\\/jobba-smartare\\\/vem-har-koll-pa-gdpr-och-foretagsmobilerna\\\/#primaryimage\"},\"thumbnailUrl\":\"https:\\\/\\\/nabsolutions.com\\\/se\\\/wp-content\\\/uploads\\\/sites\\\/2\\\/2025\\\/11\\\/gdpr-foretagsmobiler.webp\",\"datePublished\":\"2018-06-14T13:27:00+00:00\",\"dateModified\":\"2026-03-30T06:36:45+00:00\",\"description\":\"Vem har koll p\u00e5 GDPR och f\u00f6retagsmobilerna? M365? Uppt\u00e4ck smarta l\u00f6sningar som skyddar data och f\u00f6renklar hanteringen f\u00f6r ditt f\u00f6retag.\",\"breadcrumb\":{\"@id\":\"https:\\\/\\\/nabsolutions.com\\\/se\\\/jobba-smartare\\\/vem-har-koll-pa-gdpr-och-foretagsmobilerna\\\/#breadcrumb\"},\"inLanguage\":\"sv-SE\",\"potentialAction\":[{\"@type\":\"ReadAction\",\"target\":[\"https:\\\/\\\/nabsolutions.com\\\/se\\\/jobba-smartare\\\/vem-har-koll-pa-gdpr-och-foretagsmobilerna\\\/\"]}]},{\"@type\":\"ImageObject\",\"inLanguage\":\"sv-SE\",\"@id\":\"https:\\\/\\\/nabsolutions.com\\\/se\\\/jobba-smartare\\\/vem-har-koll-pa-gdpr-och-foretagsmobilerna\\\/#primaryimage\",\"url\":\"https:\\\/\\\/nabsolutions.com\\\/se\\\/wp-content\\\/uploads\\\/sites\\\/2\\\/2025\\\/11\\\/gdpr-foretagsmobiler.webp\",\"contentUrl\":\"https:\\\/\\\/nabsolutions.com\\\/se\\\/wp-content\\\/uploads\\\/sites\\\/2\\\/2025\\\/11\\\/gdpr-foretagsmobiler.webp\",\"width\":2550,\"height\":1440,\"caption\":\"Vem har koll p\u00e5 GDPR och f\u00f6retagsmobilerna?\"},{\"@type\":\"BreadcrumbList\",\"@id\":\"https:\\\/\\\/nabsolutions.com\\\/se\\\/jobba-smartare\\\/vem-har-koll-pa-gdpr-och-foretagsmobilerna\\\/#breadcrumb\",\"itemListElement\":[{\"@type\":\"ListItem\",\"position\":1,\"name\":\"Home\",\"item\":\"https:\\\/\\\/nabsolutions.com\\\/se\\\/\"},{\"@type\":\"ListItem\",\"position\":2,\"name\":\"Vem har koll p\u00e5 GDPR och f\u00f6retagsmobilerna?\"}]},{\"@type\":\"WebSite\",\"@id\":\"https:\\\/\\\/nabsolutions.com\\\/se\\\/#website\",\"url\":\"https:\\\/\\\/nabsolutions.com\\\/se\\\/\",\"name\":\"NAB Solutions AB\",\"description\":\"\",\"publisher\":{\"@id\":\"https:\\\/\\\/nabsolutions.com\\\/se\\\/#organization\"},\"alternateName\":\"NAB\",\"potentialAction\":[{\"@type\":\"SearchAction\",\"target\":{\"@type\":\"EntryPoint\",\"urlTemplate\":\"https:\\\/\\\/nabsolutions.com\\\/se\\\/?s={search_term_string}\"},\"query-input\":{\"@type\":\"PropertyValueSpecification\",\"valueRequired\":true,\"valueName\":\"search_term_string\"}}],\"inLanguage\":\"sv-SE\"},{\"@type\":\"Organization\",\"@id\":\"https:\\\/\\\/nabsolutions.com\\\/se\\\/#organization\",\"name\":\"NAB Solutions\",\"alternateName\":\"NAB\",\"url\":\"https:\\\/\\\/nabsolutions.com\\\/se\\\/\",\"logo\":{\"@type\":\"ImageObject\",\"inLanguage\":\"sv-SE\",\"@id\":\"https:\\\/\\\/nabsolutions.com\\\/se\\\/#\\\/schema\\\/logo\\\/image\\\/\",\"url\":\"https:\\\/\\\/nabsolutions.com\\\/se\\\/wp-content\\\/uploads\\\/sites\\\/2\\\/2025\\\/10\\\/nab-logo.svg\",\"contentUrl\":\"https:\\\/\\\/nabsolutions.com\\\/se\\\/wp-content\\\/uploads\\\/sites\\\/2\\\/2025\\\/10\\\/nab-logo.svg\",\"width\":191,\"height\":53,\"caption\":\"NAB Solutions\"},\"image\":{\"@id\":\"https:\\\/\\\/nabsolutions.com\\\/se\\\/#\\\/schema\\\/logo\\\/image\\\/\"}},{\"@type\":\"Person\",\"@id\":\"https:\\\/\\\/nabsolutions.com\\\/se\\\/#\\\/schema\\\/person\\\/d25f5dcfab88442b91fef1180c8edc84\",\"name\":\"andreas\",\"image\":{\"@type\":\"ImageObject\",\"inLanguage\":\"sv-SE\",\"@id\":\"https:\\\/\\\/secure.gravatar.com\\\/avatar\\\/a52f9e43ea8b411eea5e276fc03e27ca8f120530dafb44f83f9686227ff0be2d?s=96&d=mm&r=g\",\"url\":\"https:\\\/\\\/secure.gravatar.com\\\/avatar\\\/a52f9e43ea8b411eea5e276fc03e27ca8f120530dafb44f83f9686227ff0be2d?s=96&d=mm&r=g\",\"contentUrl\":\"https:\\\/\\\/secure.gravatar.com\\\/avatar\\\/a52f9e43ea8b411eea5e276fc03e27ca8f120530dafb44f83f9686227ff0be2d?s=96&d=mm&r=g\",\"caption\":\"andreas\"},\"url\":\"https:\\\/\\\/nabsolutions.com\\\/se\\\/author\\\/andreas\\\/\"}]}<\/script>\n<!-- \/ Yoast SEO plugin. -->","yoast_head_json":{"title":"Vem har koll p\u00e5 GDPR och f\u00f6retagsmobilerna? M365","description":"Vem har koll p\u00e5 GDPR och f\u00f6retagsmobilerna? M365? Uppt\u00e4ck smarta l\u00f6sningar som skyddar data och f\u00f6renklar hanteringen f\u00f6r ditt f\u00f6retag.","robots":{"index":"index","follow":"follow","max-snippet":"max-snippet:-1","max-image-preview":"max-image-preview:large","max-video-preview":"max-video-preview:-1"},"canonical":"https:\/\/nabsolutions.com\/se\/jobba-smartare\/vem-har-koll-pa-gdpr-och-foretagsmobilerna\/","og_locale":"sv_SE","og_type":"article","og_title":"Vem har koll p\u00e5 GDPR och f\u00f6retagsmobilerna? M365","og_description":"Vem har koll p\u00e5 GDPR och f\u00f6retagsmobilerna? M365? Uppt\u00e4ck smarta l\u00f6sningar som skyddar data och f\u00f6renklar hanteringen f\u00f6r ditt f\u00f6retag.","og_url":"https:\/\/nabsolutions.com\/se\/jobba-smartare\/vem-har-koll-pa-gdpr-och-foretagsmobilerna\/","og_site_name":"NAB SVERIGE","article_published_time":"2018-06-14T13:27:00+00:00","article_modified_time":"2026-03-30T06:36:45+00:00","og_image":[{"width":2550,"height":1440,"url":"https:\/\/nabsolutions.com\/se\/wp-content\/uploads\/sites\/2\/2025\/11\/gdpr-foretagsmobiler.webp","type":"image\/webp"}],"author":"andreas","twitter_card":"summary_large_image","twitter_misc":{"Skriven av":"andreas","Ber\u00e4knad l\u00e4stid":"1 minut"},"schema":{"@context":"https:\/\/schema.org","@graph":[{"@type":"Article","@id":"https:\/\/nabsolutions.com\/se\/jobba-smartare\/vem-har-koll-pa-gdpr-och-foretagsmobilerna\/#article","isPartOf":{"@id":"https:\/\/nabsolutions.com\/se\/jobba-smartare\/vem-har-koll-pa-gdpr-och-foretagsmobilerna\/"},"author":{"name":"andreas","@id":"https:\/\/nabsolutions.com\/se\/#\/schema\/person\/d25f5dcfab88442b91fef1180c8edc84"},"headline":"Vem har koll p\u00e5 GDPR och f\u00f6retagsmobilerna?","datePublished":"2018-06-14T13:27:00+00:00","dateModified":"2026-03-30T06:36:45+00:00","mainEntityOfPage":{"@id":"https:\/\/nabsolutions.com\/se\/jobba-smartare\/vem-har-koll-pa-gdpr-och-foretagsmobilerna\/"},"wordCount":8,"publisher":{"@id":"https:\/\/nabsolutions.com\/se\/#organization"},"image":{"@id":"https:\/\/nabsolutions.com\/se\/jobba-smartare\/vem-har-koll-pa-gdpr-och-foretagsmobilerna\/#primaryimage"},"thumbnailUrl":"https:\/\/nabsolutions.com\/se\/wp-content\/uploads\/sites\/2\/2025\/11\/gdpr-foretagsmobiler.webp","articleSection":["Jobba smartare"],"inLanguage":"sv-SE"},{"@type":"WebPage","@id":"https:\/\/nabsolutions.com\/se\/jobba-smartare\/vem-har-koll-pa-gdpr-och-foretagsmobilerna\/","url":"https:\/\/nabsolutions.com\/se\/jobba-smartare\/vem-har-koll-pa-gdpr-och-foretagsmobilerna\/","name":"Vem har koll p\u00e5 GDPR och f\u00f6retagsmobilerna? M365","isPartOf":{"@id":"https:\/\/nabsolutions.com\/se\/#website"},"primaryImageOfPage":{"@id":"https:\/\/nabsolutions.com\/se\/jobba-smartare\/vem-har-koll-pa-gdpr-och-foretagsmobilerna\/#primaryimage"},"image":{"@id":"https:\/\/nabsolutions.com\/se\/jobba-smartare\/vem-har-koll-pa-gdpr-och-foretagsmobilerna\/#primaryimage"},"thumbnailUrl":"https:\/\/nabsolutions.com\/se\/wp-content\/uploads\/sites\/2\/2025\/11\/gdpr-foretagsmobiler.webp","datePublished":"2018-06-14T13:27:00+00:00","dateModified":"2026-03-30T06:36:45+00:00","description":"Vem har koll p\u00e5 GDPR och f\u00f6retagsmobilerna? M365? Uppt\u00e4ck smarta l\u00f6sningar som skyddar data och f\u00f6renklar hanteringen f\u00f6r ditt f\u00f6retag.","breadcrumb":{"@id":"https:\/\/nabsolutions.com\/se\/jobba-smartare\/vem-har-koll-pa-gdpr-och-foretagsmobilerna\/#breadcrumb"},"inLanguage":"sv-SE","potentialAction":[{"@type":"ReadAction","target":["https:\/\/nabsolutions.com\/se\/jobba-smartare\/vem-har-koll-pa-gdpr-och-foretagsmobilerna\/"]}]},{"@type":"ImageObject","inLanguage":"sv-SE","@id":"https:\/\/nabsolutions.com\/se\/jobba-smartare\/vem-har-koll-pa-gdpr-och-foretagsmobilerna\/#primaryimage","url":"https:\/\/nabsolutions.com\/se\/wp-content\/uploads\/sites\/2\/2025\/11\/gdpr-foretagsmobiler.webp","contentUrl":"https:\/\/nabsolutions.com\/se\/wp-content\/uploads\/sites\/2\/2025\/11\/gdpr-foretagsmobiler.webp","width":2550,"height":1440,"caption":"Vem har koll p\u00e5 GDPR och f\u00f6retagsmobilerna?"},{"@type":"BreadcrumbList","@id":"https:\/\/nabsolutions.com\/se\/jobba-smartare\/vem-har-koll-pa-gdpr-och-foretagsmobilerna\/#breadcrumb","itemListElement":[{"@type":"ListItem","position":1,"name":"Home","item":"https:\/\/nabsolutions.com\/se\/"},{"@type":"ListItem","position":2,"name":"Vem har koll p\u00e5 GDPR och f\u00f6retagsmobilerna?"}]},{"@type":"WebSite","@id":"https:\/\/nabsolutions.com\/se\/#website","url":"https:\/\/nabsolutions.com\/se\/","name":"NAB Solutions AB","description":"","publisher":{"@id":"https:\/\/nabsolutions.com\/se\/#organization"},"alternateName":"NAB","potentialAction":[{"@type":"SearchAction","target":{"@type":"EntryPoint","urlTemplate":"https:\/\/nabsolutions.com\/se\/?s={search_term_string}"},"query-input":{"@type":"PropertyValueSpecification","valueRequired":true,"valueName":"search_term_string"}}],"inLanguage":"sv-SE"},{"@type":"Organization","@id":"https:\/\/nabsolutions.com\/se\/#organization","name":"NAB Solutions","alternateName":"NAB","url":"https:\/\/nabsolutions.com\/se\/","logo":{"@type":"ImageObject","inLanguage":"sv-SE","@id":"https:\/\/nabsolutions.com\/se\/#\/schema\/logo\/image\/","url":"https:\/\/nabsolutions.com\/se\/wp-content\/uploads\/sites\/2\/2025\/10\/nab-logo.svg","contentUrl":"https:\/\/nabsolutions.com\/se\/wp-content\/uploads\/sites\/2\/2025\/10\/nab-logo.svg","width":191,"height":53,"caption":"NAB Solutions"},"image":{"@id":"https:\/\/nabsolutions.com\/se\/#\/schema\/logo\/image\/"}},{"@type":"Person","@id":"https:\/\/nabsolutions.com\/se\/#\/schema\/person\/d25f5dcfab88442b91fef1180c8edc84","name":"andreas","image":{"@type":"ImageObject","inLanguage":"sv-SE","@id":"https:\/\/secure.gravatar.com\/avatar\/a52f9e43ea8b411eea5e276fc03e27ca8f120530dafb44f83f9686227ff0be2d?s=96&d=mm&r=g","url":"https:\/\/secure.gravatar.com\/avatar\/a52f9e43ea8b411eea5e276fc03e27ca8f120530dafb44f83f9686227ff0be2d?s=96&d=mm&r=g","contentUrl":"https:\/\/secure.gravatar.com\/avatar\/a52f9e43ea8b411eea5e276fc03e27ca8f120530dafb44f83f9686227ff0be2d?s=96&d=mm&r=g","caption":"andreas"},"url":"https:\/\/nabsolutions.com\/se\/author\/andreas\/"}]}},"_links":{"self":[{"href":"https:\/\/nabsolutions.com\/se\/wp-json\/wp\/v2\/posts\/966","targetHints":{"allow":["GET"]}}],"collection":[{"href":"https:\/\/nabsolutions.com\/se\/wp-json\/wp\/v2\/posts"}],"about":[{"href":"https:\/\/nabsolutions.com\/se\/wp-json\/wp\/v2\/types\/post"}],"author":[{"embeddable":true,"href":"https:\/\/nabsolutions.com\/se\/wp-json\/wp\/v2\/users\/4"}],"replies":[{"embeddable":true,"href":"https:\/\/nabsolutions.com\/se\/wp-json\/wp\/v2\/comments?post=966"}],"version-history":[{"count":4,"href":"https:\/\/nabsolutions.com\/se\/wp-json\/wp\/v2\/posts\/966\/revisions"}],"predecessor-version":[{"id":6771,"href":"https:\/\/nabsolutions.com\/se\/wp-json\/wp\/v2\/posts\/966\/revisions\/6771"}],"wp:featuredmedia":[{"embeddable":true,"href":"https:\/\/nabsolutions.com\/se\/wp-json\/wp\/v2\/media\/967"}],"wp:attachment":[{"href":"https:\/\/nabsolutions.com\/se\/wp-json\/wp\/v2\/media?parent=966"}],"wp:term":[{"taxonomy":"category","embeddable":true,"href":"https:\/\/nabsolutions.com\/se\/wp-json\/wp\/v2\/categories?post=966"},{"taxonomy":"post_tag","embeddable":true,"href":"https:\/\/nabsolutions.com\/se\/wp-json\/wp\/v2\/tags?post=966"},{"taxonomy":"post_folder","embeddable":true,"href":"https:\/\/nabsolutions.com\/se\/wp-json\/wp\/v2\/post_folder?post=966"}],"curies":[{"name":"wp","href":"https:\/\/api.w.org\/{rel}","templated":true}]}}